{"id":258564,"date":"2025-02-04T13:09:17","date_gmt":"2025-02-04T18:09:17","guid":{"rendered":"https:\/\/ugel04.gob.pe\/home\/?p=258564"},"modified":"2025-02-04T13:09:24","modified_gmt":"2025-02-04T18:09:24","slug":"primer-taller-de-fortalecimiento-a-directivos-de-iiee-de-ugel-04","status":"publish","type":"post","link":"https:\/\/ugel04.gob.pe\/home\/primer-taller-de-fortalecimiento-a-directivos-de-iiee-de-ugel-04\/","title":{"rendered":"PRIMER TALLER DE FORTALECIMIENTO A DIRECTIVOS DE IIEE DE UGEL 04"},"content":{"rendered":"<p>[et_pb_section fb_built=\u00bb1&#8243; theme_builder_area=\u00bbpost_content\u00bb _builder_version=\u00bb4.27.4&#8243; _module_preset=\u00bbdefault\u00bb da_is_popup=\u00bboff\u00bb da_exit_intent=\u00bboff\u00bb da_has_close=\u00bbon\u00bb da_alt_close=\u00bboff\u00bb da_dark_close=\u00bboff\u00bb da_not_modal=\u00bbon\u00bb da_is_singular=\u00bboff\u00bb da_with_loader=\u00bboff\u00bb da_has_shadow=\u00bbon\u00bb da_disable_devices=\u00bboff|off|off\u00bb][et_pb_row _builder_version=\u00bb4.27.4&#8243; _module_preset=\u00bbdefault\u00bb theme_builder_area=\u00bbpost_content\u00bb][et_pb_column _builder_version=\u00bb4.27.4&#8243; _module_preset=\u00bbdefault\u00bb type=\u00bb4_4&#8243; theme_builder_area=\u00bbpost_content\u00bb][et_pb_text _builder_version=\u00bb4.27.4&#8243; _module_preset=\u00bbdefault\u00bb theme_builder_area=\u00bbpost_content\u00bb hover_enabled=\u00bb0&#8243; sticky_enabled=\u00bb0&#8243;]<\/p>\n<p>En marco de las acciones destinadas a mejorar el servicio educativo, la UGEL 04 a trav\u00e9s de AGEBRE, organiz\u00f3 el primer taller de fortalecimiento de competencias profesionales de los directivos de las instituciones educativas de EBR y EBE de nuestra jurisdicci\u00f3n, el mismo que se desarrolla en dos jornadas: hoy en el auditorio de la UCV, sede Lima Norte y ma\u00f1ana en las aulas de la UCH, ubicada en Los Olivos.<\/p>\n<p>Durante la apertura del taller, la directora de nuestra entidad Nelly Cunza, resalt\u00f3 la actitud y compromiso mostrado por los directivos en el inicio del presente a\u00f1o lectivo, destacando su buena disposici\u00f3n para dar cumplimiento a los lineamientos propuestos desde los entes rectores educativos.<\/p>\n<p>\u201cFelicito a ustedes estimados directivos, porque gracias a su contribuci\u00f3n el a\u00f1o 2024 hemos dado pasos muy importantes en el campo de la lectura, con la implementaci\u00f3n del plan Lea impulsada desde la UGEL 04, el cual ustedes nos han ayudado a desarrollar de manera fruct\u00edfera en las aulas. Aunado a ello, la recuperaci\u00f3n de las bibliotecas y la mediaci\u00f3n lectora, han permitido que nuestros estudiantes lean m\u00e1s y aprendan m\u00e1s\u201d, refiri\u00f3 emocionada Cunza Pr\u00edncipe.<\/p>\n<p>Asimismo, preponder\u00f3 el rol de los docentes y las familias que han ayudado a posicionar a nuestras escuelas en un nivel relevante en el \u00e1mbito de la lectura y la resoluci\u00f3n de problemas, \u201cello se ha hecho posible gracias a ustedes directivos, porque son quienes se constituyen en garantes reales de los logros educativos\u201d.<\/p>\n<p>Concluy\u00f3, motivando a los directores y sub directores a hacer las r\u00e9plicas pertinentes a los docentes y a la comunidad educativa de sus colegios, de todo lo aprendido durante del presente programa de capacitaci\u00f3n, a fin de garantizar el fortalecimiento de los aprendizajes de nuestros miles de escolares.<\/p>\n<p>Por su parte, el jefe de AGEBRE Johnny Ventura describi\u00f3 la agenda tem\u00e1tica a desarrollarse durante el Taller, el cual tiene como finalidad potenciar la gesti\u00f3n de los directivos y transformar la realidad educativa en las escuelas:<\/p>\n<ul>\n<li>Norma T\u00e9cnica del desarrollo del a\u00f1o escolar en las IIEE 2025 (RM N\u00b0 556-2024-Minedu).<\/li>\n<li>Indicadores, actividades y metas en los aprendizajes en las escuelas, propuestas desde la UGEL 04.<\/li>\n<li>Planeamiento estrat\u00e9gico en las IE y el Proyecto Educativo Institucional.<\/li>\n<li>Designaci\u00f3n de los Comit\u00e9 de Gesti\u00f3n.<\/li>\n<li>Bienestar de la Comunidad Educativa.<\/li>\n<li>Innovaci\u00f3n en la gesti\u00f3n escolar.<\/li>\n<li>Reconocimiento a docentes que promuevan mejoras significativas en la educaci\u00f3n.<\/li>\n<\/ul>\n<p><strong>Calendario del Taller<\/strong><\/p>\n<p>Cabe recordar que el I Taller de Fortalecimiento de competencias de directivos de la UGEL 04, se llev\u00f3 a cabo el martes 4 de febrero de 8:30 a 13:00: hrs, en el auditorio Caynas de la Universidad C\u00e9sar Vallejo, y continuar\u00e1 ma\u00f1ana mi\u00e9rcoles 5 de febrero de 8:30 a 13:00 hrs, en las aulas de la Universidad de Ciencias y Humanidades, ubicada en Los Olivos.<\/p>\n<p>[\/et_pb_text][\/et_pb_column][\/et_pb_row][\/et_pb_section]<\/p>\n","protected":false},"excerpt":{"rendered":"<p>En marco de las acciones destinadas a mejorar el servicio educativo, la UGEL 04 a trav\u00e9s de AGEBRE, organiz\u00f3 el primer taller de fortalecimiento de competencias profesionales de los directivos [&hellip;]<\/p>\n","protected":false},"author":1,"featured_media":258565,"comment_status":"open","ping_status":"open","sticky":false,"template":"","format":"standard","meta":{"_et_pb_use_builder":"on","_et_pb_old_content":"","_et_gb_content_width":"1080","footnotes":""},"categories":[10],"tags":[],"class_list":["post-258564","post","type-post","status-publish","format-standard","has-post-thumbnail","hentry","category-noticias"],"_links":{"self":[{"href":"https:\/\/ugel04.gob.pe\/home\/wp-json\/wp\/v2\/posts\/258564","targetHints":{"allow":["GET"]}}],"collection":[{"href":"https:\/\/ugel04.gob.pe\/home\/wp-json\/wp\/v2\/posts"}],"about":[{"href":"https:\/\/ugel04.gob.pe\/home\/wp-json\/wp\/v2\/types\/post"}],"author":[{"embeddable":true,"href":"https:\/\/ugel04.gob.pe\/home\/wp-json\/wp\/v2\/users\/1"}],"replies":[{"embeddable":true,"href":"https:\/\/ugel04.gob.pe\/home\/wp-json\/wp\/v2\/comments?post=258564"}],"version-history":[{"count":2,"href":"https:\/\/ugel04.gob.pe\/home\/wp-json\/wp\/v2\/posts\/258564\/revisions"}],"predecessor-version":[{"id":258567,"href":"https:\/\/ugel04.gob.pe\/home\/wp-json\/wp\/v2\/posts\/258564\/revisions\/258567"}],"wp:featuredmedia":[{"embeddable":true,"href":"https:\/\/ugel04.gob.pe\/home\/wp-json\/wp\/v2\/media\/258565"}],"wp:attachment":[{"href":"https:\/\/ugel04.gob.pe\/home\/wp-json\/wp\/v2\/media?parent=258564"}],"wp:term":[{"taxonomy":"category","embeddable":true,"href":"https:\/\/ugel04.gob.pe\/home\/wp-json\/wp\/v2\/categories?post=258564"},{"taxonomy":"post_tag","embeddable":true,"href":"https:\/\/ugel04.gob.pe\/home\/wp-json\/wp\/v2\/tags?post=258564"}],"curies":[{"name":"wp","href":"https:\/\/api.w.org\/{rel}","templated":true}]}}