{"id":258558,"date":"2025-02-03T15:28:20","date_gmt":"2025-02-03T20:28:20","guid":{"rendered":"https:\/\/ugel04.gob.pe\/home\/?p=258558"},"modified":"2025-02-03T15:28:45","modified_gmt":"2025-02-03T20:28:45","slug":"continua-distribucion-de-materiales-educativos-en-ii-ee-publicas","status":"publish","type":"post","link":"https:\/\/ugel04.gob.pe\/home\/continua-distribucion-de-materiales-educativos-en-ii-ee-publicas\/","title":{"rendered":"CONTIN\u00daA DISTRIBUCI\u00d3N DE MATERIALES EDUCATIVOS EN II.EE P\u00daBLICAS"},"content":{"rendered":"<p>[et_pb_section fb_built=\u00bb1&#8243; theme_builder_area=\u00bbpost_content\u00bb _builder_version=\u00bb4.27.4&#8243; _module_preset=\u00bbdefault\u00bb da_is_popup=\u00bboff\u00bb da_exit_intent=\u00bboff\u00bb da_has_close=\u00bbon\u00bb da_alt_close=\u00bboff\u00bb da_dark_close=\u00bboff\u00bb da_not_modal=\u00bbon\u00bb da_is_singular=\u00bboff\u00bb da_with_loader=\u00bboff\u00bb da_has_shadow=\u00bbon\u00bb da_disable_devices=\u00bboff|off|off\u00bb][et_pb_row _builder_version=\u00bb4.27.4&#8243; _module_preset=\u00bbdefault\u00bb theme_builder_area=\u00bbpost_content\u00bb][et_pb_column _builder_version=\u00bb4.27.4&#8243; _module_preset=\u00bbdefault\u00bb type=\u00bb4_4&#8243; theme_builder_area=\u00bbpost_content\u00bb][et_pb_text _builder_version=\u00bb4.27.4&#8243; _module_preset=\u00bbdefault\u00bb theme_builder_area=\u00bbpost_content\u00bb hover_enabled=\u00bb0&#8243; sticky_enabled=\u00bb0&#8243;]<\/p>\n<p>Con la finalidad de garantizar un servicio educativo de calidad desde el primer d\u00eda de clases, la UGEL 04 a trav\u00e9s del equipo de Almac\u00e9n, contin\u00faa la distribuci\u00f3n de \u00fatiles escolares consistentes en cuadernos de trabajo de matem\u00e1ticas y comunicaci\u00f3n; en esta oportunidad, el material fue entregado al personal directivo de la IE Jos\u00e9 Mar\u00eda Arguedas, de Carabayllo.<\/p>\n<p>Hasta el lugar, asisti\u00f3 la directora Nelly Cunza Pr\u00edncipe, quien supervis\u00f3 personalmente la entrega de m\u00e1s de dos mil cuadernos de trabajo para todos los estudiantes de esta IE que brinda servicio en el nivel secundario, recomendando a los directivos, docentes y padres de familia presentes, su correcto uso durante el proceso de ense\u00f1anza.<\/p>\n<p>Asimismo, verific\u00f3 las condiciones de infraestructura del plantel, coordinando con su director Luis Riqueros, algunos proyectos de mejora del servicio educativo, a trav\u00e9s de la utilizaci\u00f3n de terrenos pertenecientes al plantel, que en breve podr\u00e1n utilizarse en la ense\u00f1anza del deporte y el sano entretenimiento.<\/p>\n<p>Posteriormente, la titular de la UGEL 04 acompa\u00f1ado del jefe de Asgese, visit\u00f3 la IE N\u00b0 2051 El Progreso, en donde verific\u00f3 los avances del proceso de matr\u00edcula y las condiciones en las que se encuentran las aulas, de cara al inicio del a\u00f1o escolar 2025.<\/p>\n<p>[\/et_pb_text][\/et_pb_column][\/et_pb_row][\/et_pb_section]<\/p>\n","protected":false},"excerpt":{"rendered":"<p>Con la finalidad de garantizar un servicio educativo de calidad desde el primer d\u00eda de clases, la UGEL 04 a trav\u00e9s del equipo de Almac\u00e9n, contin\u00faa la distribuci\u00f3n de \u00fatiles [&hellip;]<\/p>\n","protected":false},"author":1,"featured_media":258559,"comment_status":"open","ping_status":"open","sticky":false,"template":"","format":"standard","meta":{"_et_pb_use_builder":"on","_et_pb_old_content":"","_et_gb_content_width":"1080","footnotes":""},"categories":[10],"tags":[],"class_list":["post-258558","post","type-post","status-publish","format-standard","has-post-thumbnail","hentry","category-noticias"],"_links":{"self":[{"href":"https:\/\/ugel04.gob.pe\/home\/wp-json\/wp\/v2\/posts\/258558","targetHints":{"allow":["GET"]}}],"collection":[{"href":"https:\/\/ugel04.gob.pe\/home\/wp-json\/wp\/v2\/posts"}],"about":[{"href":"https:\/\/ugel04.gob.pe\/home\/wp-json\/wp\/v2\/types\/post"}],"author":[{"embeddable":true,"href":"https:\/\/ugel04.gob.pe\/home\/wp-json\/wp\/v2\/users\/1"}],"replies":[{"embeddable":true,"href":"https:\/\/ugel04.gob.pe\/home\/wp-json\/wp\/v2\/comments?post=258558"}],"version-history":[{"count":3,"href":"https:\/\/ugel04.gob.pe\/home\/wp-json\/wp\/v2\/posts\/258558\/revisions"}],"predecessor-version":[{"id":258562,"href":"https:\/\/ugel04.gob.pe\/home\/wp-json\/wp\/v2\/posts\/258558\/revisions\/258562"}],"wp:featuredmedia":[{"embeddable":true,"href":"https:\/\/ugel04.gob.pe\/home\/wp-json\/wp\/v2\/media\/258559"}],"wp:attachment":[{"href":"https:\/\/ugel04.gob.pe\/home\/wp-json\/wp\/v2\/media?parent=258558"}],"wp:term":[{"taxonomy":"category","embeddable":true,"href":"https:\/\/ugel04.gob.pe\/home\/wp-json\/wp\/v2\/categories?post=258558"},{"taxonomy":"post_tag","embeddable":true,"href":"https:\/\/ugel04.gob.pe\/home\/wp-json\/wp\/v2\/tags?post=258558"}],"curies":[{"name":"wp","href":"https:\/\/api.w.org\/{rel}","templated":true}]}}