{"id":258512,"date":"2025-01-29T14:59:31","date_gmt":"2025-01-29T19:59:31","guid":{"rendered":"https:\/\/ugel04.gob.pe\/home\/?p=258512"},"modified":"2025-01-29T15:03:09","modified_gmt":"2025-01-29T20:03:09","slug":"ugel-04-realiza-primera-asamblea-descentralizada-de-rei-para-fortalecer-gestion-educativa","status":"publish","type":"post","link":"https:\/\/ugel04.gob.pe\/home\/ugel-04-realiza-primera-asamblea-descentralizada-de-rei-para-fortalecer-gestion-educativa\/","title":{"rendered":"UGEL 04 REALIZA PRIMERA ASAMBLEA DESCENTRALIZADA DE REI PARA FORTALECER GESTI\u00d3N EDUCATIVA"},"content":{"rendered":"<p>[et_pb_section fb_built=\u00bb1&#8243; theme_builder_area=\u00bbpost_content\u00bb _builder_version=\u00bb4.27.4&#8243; _module_preset=\u00bbdefault\u00bb da_is_popup=\u00bboff\u00bb da_exit_intent=\u00bboff\u00bb da_has_close=\u00bbon\u00bb da_alt_close=\u00bboff\u00bb da_dark_close=\u00bboff\u00bb da_not_modal=\u00bbon\u00bb da_is_singular=\u00bboff\u00bb da_with_loader=\u00bboff\u00bb da_has_shadow=\u00bbon\u00bb da_disable_devices=\u00bboff|off|off\u00bb][et_pb_row _builder_version=\u00bb4.27.4&#8243; _module_preset=\u00bbdefault\u00bb theme_builder_area=\u00bbpost_content\u00bb][et_pb_column _builder_version=\u00bb4.27.4&#8243; _module_preset=\u00bbdefault\u00bb type=\u00bb4_4&#8243; theme_builder_area=\u00bbpost_content\u00bb][et_pb_text _builder_version=\u00bb4.27.4&#8243; _module_preset=\u00bbdefault\u00bb theme_builder_area=\u00bbpost_content\u00bb hover_enabled=\u00bb0&#8243; sticky_enabled=\u00bb0&#8243;]<\/p>\n<p><span>En el marco del fortalecimiento de la gesti\u00f3n educativa, la UGEL 04 realiz\u00f3 la Primera Asamblea Descentralizada de Redes Educativas Institucionales (REI), con la participaci\u00f3n de los 27 coordinadores y los directivos de las instituciones educativas p\u00fablicas de Educaci\u00f3n B\u00e1sica Regular y Especial de nuestra jurisdicci\u00f3n, en la cual, se analizaron los resultados obtenidos en el a\u00f1o lectivo 2024 y se trazaron estrategias para mejorar el servicio educativo el a\u00f1o 2025.<\/span><\/p>\n<p><span>En este contexto, la UGEL 04 a trav\u00e9s del \u00c1rea de Gesti\u00f3n de Educaci\u00f3n B\u00e1sica Regular y Especial (AGEBRE) enfatiz\u00f3 su labor tutelar orientada a reforzar la ense\u00f1anza, guiando los m\u00e9todos pedag\u00f3gicos y supervisando la evaluaci\u00f3n de los aprendizajes con criterios claros. <\/span><\/p>\n<p><span>Asimismo, durante el evento, los especialistas de AGEBRE resaltaron la importancia de que los directivos informen oportunamente los resultados de su gesti\u00f3n y la ejecuci\u00f3n de acciones de mejora en las instituciones educativas.<\/span><\/p>\n<p><span>Como parte de este proceso de fortalecimiento, se vienen distribuyendo materiales educativos en todas las escuelas de la jurisdicci\u00f3n, contribuyendo a la formaci\u00f3n integral de los docentes y al desarrollo acad\u00e9mico de los estudiantes. Adem\u00e1s, se brindar\u00e1 asistencia t\u00e9cnica personalizada y talleres dirigidos a directivos, con el objetivo de potenciar su liderazgo y mejorar la gesti\u00f3n pedag\u00f3gica.<\/span><\/p>\n<p><span>El jefe de AGEBRE, Jhonny Ventura, particip\u00f3 en algunas de estas reuniones, reconociendo el esfuerzo y compromiso de los directores en la mejora educativa.<\/span><\/p>\n<p><span>Cabe destacar que, la asamblea descentralizada fue organizada por AGEBRE, con el apoyo de los especialistas responsables de cada una de las 27 redes educativas. Estas reuniones ordinarias con las REI continuar\u00e1n realiz\u00e1ndose de manera mensual, con el objetivo de establecer criterios que permitan fortalecer la comunicaci\u00f3n entre docentes y estudiantes, promoviendo ambientes propicios para el aprendizaje y el desarrollo integral de la comunidad educativa.<\/span><\/p>\n<p><span>Como se sabe, las Redes Educativas Institucionales (REI), conformadas por directores de diversas instituciones, representan un espacio de cooperaci\u00f3n e intercambio de buenas pr\u00e1cticas pedag\u00f3gicas, en las cuales se buscan fortalecer el clima organizacional, optimizar la gesti\u00f3n institucional y asegurar condiciones favorables para el aprendizaje. <\/span><\/p>\n<p>[\/et_pb_text][\/et_pb_column][\/et_pb_row][\/et_pb_section]<\/p>\n","protected":false},"excerpt":{"rendered":"<p>En el marco del fortalecimiento de la gesti\u00f3n educativa, la UGEL 04 realiz\u00f3 la Primera Asamblea Descentralizada de Redes Educativas Institucionales (REI), con la participaci\u00f3n de los 27 coordinadores y [&hellip;]<\/p>\n","protected":false},"author":1,"featured_media":258513,"comment_status":"open","ping_status":"open","sticky":false,"template":"","format":"standard","meta":{"_et_pb_use_builder":"on","_et_pb_old_content":"","_et_gb_content_width":"1080","footnotes":""},"categories":[10],"tags":[],"class_list":["post-258512","post","type-post","status-publish","format-standard","has-post-thumbnail","hentry","category-noticias"],"_links":{"self":[{"href":"https:\/\/ugel04.gob.pe\/home\/wp-json\/wp\/v2\/posts\/258512","targetHints":{"allow":["GET"]}}],"collection":[{"href":"https:\/\/ugel04.gob.pe\/home\/wp-json\/wp\/v2\/posts"}],"about":[{"href":"https:\/\/ugel04.gob.pe\/home\/wp-json\/wp\/v2\/types\/post"}],"author":[{"embeddable":true,"href":"https:\/\/ugel04.gob.pe\/home\/wp-json\/wp\/v2\/users\/1"}],"replies":[{"embeddable":true,"href":"https:\/\/ugel04.gob.pe\/home\/wp-json\/wp\/v2\/comments?post=258512"}],"version-history":[{"count":3,"href":"https:\/\/ugel04.gob.pe\/home\/wp-json\/wp\/v2\/posts\/258512\/revisions"}],"predecessor-version":[{"id":258516,"href":"https:\/\/ugel04.gob.pe\/home\/wp-json\/wp\/v2\/posts\/258512\/revisions\/258516"}],"wp:featuredmedia":[{"embeddable":true,"href":"https:\/\/ugel04.gob.pe\/home\/wp-json\/wp\/v2\/media\/258513"}],"wp:attachment":[{"href":"https:\/\/ugel04.gob.pe\/home\/wp-json\/wp\/v2\/media?parent=258512"}],"wp:term":[{"taxonomy":"category","embeddable":true,"href":"https:\/\/ugel04.gob.pe\/home\/wp-json\/wp\/v2\/categories?post=258512"},{"taxonomy":"post_tag","embeddable":true,"href":"https:\/\/ugel04.gob.pe\/home\/wp-json\/wp\/v2\/tags?post=258512"}],"curies":[{"name":"wp","href":"https:\/\/api.w.org\/{rel}","templated":true}]}}