{"id":258466,"date":"2025-01-24T16:54:16","date_gmt":"2025-01-24T21:54:16","guid":{"rendered":"https:\/\/ugel04.gob.pe\/home\/?p=258466"},"modified":"2025-01-24T16:54:22","modified_gmt":"2025-01-24T21:54:22","slug":"ugel-04-y-coordinadores-rei-establecen-compromisos-para-garantizar-optimo-ano-lectivo-2025","status":"publish","type":"post","link":"https:\/\/ugel04.gob.pe\/home\/ugel-04-y-coordinadores-rei-establecen-compromisos-para-garantizar-optimo-ano-lectivo-2025\/","title":{"rendered":"UGEL 04 Y COORDINADORES REI ESTABLECEN COMPROMISOS PARA GARANTIZAR \u00d3PTIMO A\u00d1O LECTIVO 2025"},"content":{"rendered":"<p>[et_pb_section fb_built=\u00bb1&#8243; theme_builder_area=\u00bbpost_content\u00bb _builder_version=\u00bb4.27.4&#8243; _module_preset=\u00bbdefault\u00bb da_is_popup=\u00bboff\u00bb da_exit_intent=\u00bboff\u00bb da_has_close=\u00bbon\u00bb da_alt_close=\u00bboff\u00bb da_dark_close=\u00bboff\u00bb da_not_modal=\u00bbon\u00bb da_is_singular=\u00bboff\u00bb da_with_loader=\u00bboff\u00bb da_has_shadow=\u00bbon\u00bb da_disable_devices=\u00bboff|off|off\u00bb][et_pb_row _builder_version=\u00bb4.27.4&#8243; _module_preset=\u00bbdefault\u00bb theme_builder_area=\u00bbpost_content\u00bb][et_pb_column _builder_version=\u00bb4.27.4&#8243; _module_preset=\u00bbdefault\u00bb type=\u00bb4_4&#8243; theme_builder_area=\u00bbpost_content\u00bb][et_pb_text _builder_version=\u00bb4.27.4&#8243; _module_preset=\u00bbdefault\u00bb theme_builder_area=\u00bbpost_content\u00bb hover_enabled=\u00bb0&#8243; sticky_enabled=\u00bb0&#8243;]<\/p>\n<p>En el marco de las acciones destinadas a garantizar el Buen Inicio del A\u00f1o Escolar (BIAE) 2025, la direcci\u00f3n y funcionarios de la UGEL 04 sostuvieron una importante reuni\u00f3n de trabajo con los 27 directores coordinadores de las Redes Educativas Institucionales (REI) de nuestra jurisdicci\u00f3n; en la cual, se coordinar temas esenciales vinculadas a la labor interinstitucional que se desplegar\u00e1 durante el presente a\u00f1o lectivo.<\/p>\n<p>Este primer directorio que tuvo como sede la sala (COE) de nuestra entidad, cont\u00f3 con la participaci\u00f3n de los jefes de los \u00f3rganos de l\u00ednea: Jhony Ventura (AGEBRE), Willy V\u00e1zquez (ASGESE) y Roberto Zevallos (AGEBATP).<\/p>\n<p>Durante la reuni\u00f3n, se present\u00f3 a los especialistas responsables que trabajar\u00e1n de manera coordinada con los 27 coordinadores de redes, fortaleciendo el acompa\u00f1amiento t\u00e9cnico para este nuevo periodo; asimismo, AGEBRE present\u00f3 los resultados de los aprendizajes del a\u00f1o 2024 y un informe detallado sobre la gesti\u00f3n del mismo periodo, destacando los logros y los desaf\u00edos superados.<\/p>\n<p>Uno de los puntos centrales de la agenda fue la propuesta para la implementaci\u00f3n y fortalecimiento de las REI en el 2025. Los especialistas anunciaron que se tiene previsto fortalecer la sistematizaci\u00f3n y optimizar la asistencia t\u00e9cnica mediante proyectos de Buenas Pr\u00e1cticas y proyectos innovadores que impacten directamente en la calidad educativa.<\/p>\n<p>Adem\u00e1s, se abordaron otros temas prioritarios como:<\/p>\n<ul>\n<li>Matr\u00edcula 2025.<\/li>\n<li>Fumigaci\u00f3n de los locales escolares.<\/li>\n<li>Conectividad a Internet.<\/li>\n<li>Boletas de notas y procesos de recuperaci\u00f3n.<\/li>\n<li>Informes finales de gesti\u00f3n REI 2024.<\/li>\n<li>Plan de Trabajo 2025 de las REI.<\/li>\n<\/ul>\n<p>&nbsp;<\/p>\n<p>Por otro lado, el jefe de AGEBATP, Roberto Zevallos, subray\u00f3 la necesidad de trabajar articuladamente con directivos de Educaci\u00f3n B\u00e1sica Regular, B\u00e1sica Alternativa y T\u00e9cnico-Productiva, enfoc\u00e1ndose en garantizar procesos educativos de calidad y promover la reintegraci\u00f3n de estudiantes que retoman sus estudios en B\u00e1sica Alternativa.<\/p>\n<p>Del mismo modo, se destac\u00f3 el fortalecimiento de la certificaci\u00f3n m\u00faltiple en los CETPRO para facilitar el acceso laboral y fomentar el emprendimiento.<\/p>\n<p>Cabe destacar que, las reuniones ordinarias con las REI continuar\u00e1n desarroll\u00e1ndose de forma mensual, con el prop\u00f3sito de establecer criterios que promuevan una comunicaci\u00f3n fluida y permanente para contribuir a la mejora de los ambientes escolares y al logro de los aprendizajes de los estudiantes.<\/p>\n<p>[\/et_pb_text][\/et_pb_column][\/et_pb_row][\/et_pb_section]<\/p>\n","protected":false},"excerpt":{"rendered":"<p>En el marco de las acciones destinadas a garantizar el Buen Inicio del A\u00f1o Escolar (BIAE) 2025, la direcci\u00f3n y funcionarios de la UGEL 04 sostuvieron una importante reuni\u00f3n de [&hellip;]<\/p>\n","protected":false},"author":1,"featured_media":258467,"comment_status":"open","ping_status":"open","sticky":false,"template":"","format":"standard","meta":{"_et_pb_use_builder":"on","_et_pb_old_content":"","_et_gb_content_width":"1080","footnotes":""},"categories":[10],"tags":[],"class_list":["post-258466","post","type-post","status-publish","format-standard","has-post-thumbnail","hentry","category-noticias"],"_links":{"self":[{"href":"https:\/\/ugel04.gob.pe\/home\/wp-json\/wp\/v2\/posts\/258466","targetHints":{"allow":["GET"]}}],"collection":[{"href":"https:\/\/ugel04.gob.pe\/home\/wp-json\/wp\/v2\/posts"}],"about":[{"href":"https:\/\/ugel04.gob.pe\/home\/wp-json\/wp\/v2\/types\/post"}],"author":[{"embeddable":true,"href":"https:\/\/ugel04.gob.pe\/home\/wp-json\/wp\/v2\/users\/1"}],"replies":[{"embeddable":true,"href":"https:\/\/ugel04.gob.pe\/home\/wp-json\/wp\/v2\/comments?post=258466"}],"version-history":[{"count":2,"href":"https:\/\/ugel04.gob.pe\/home\/wp-json\/wp\/v2\/posts\/258466\/revisions"}],"predecessor-version":[{"id":258469,"href":"https:\/\/ugel04.gob.pe\/home\/wp-json\/wp\/v2\/posts\/258466\/revisions\/258469"}],"wp:featuredmedia":[{"embeddable":true,"href":"https:\/\/ugel04.gob.pe\/home\/wp-json\/wp\/v2\/media\/258467"}],"wp:attachment":[{"href":"https:\/\/ugel04.gob.pe\/home\/wp-json\/wp\/v2\/media?parent=258466"}],"wp:term":[{"taxonomy":"category","embeddable":true,"href":"https:\/\/ugel04.gob.pe\/home\/wp-json\/wp\/v2\/categories?post=258466"},{"taxonomy":"post_tag","embeddable":true,"href":"https:\/\/ugel04.gob.pe\/home\/wp-json\/wp\/v2\/tags?post=258466"}],"curies":[{"name":"wp","href":"https:\/\/api.w.org\/{rel}","templated":true}]}}