{"id":258426,"date":"2025-01-20T12:27:38","date_gmt":"2025-01-20T17:27:38","guid":{"rendered":"https:\/\/ugel04.gob.pe\/home\/?p=258426"},"modified":"2025-01-20T12:27:44","modified_gmt":"2025-01-20T17:27:44","slug":"reunion-estrategica-para-mejorar-los-aprendizajes-en-lima-metropolitana","status":"publish","type":"post","link":"https:\/\/ugel04.gob.pe\/home\/reunion-estrategica-para-mejorar-los-aprendizajes-en-lima-metropolitana\/","title":{"rendered":"REUNI\u00d3N ESTRAT\u00c9GICA PARA MEJORAR LOS APRENDIZAJES EN LIMA METROPOLITANA"},"content":{"rendered":"<p>[et_pb_section fb_built=\u00bb1&#8243; theme_builder_area=\u00bbpost_content\u00bb _builder_version=\u00bb4.27.4&#8243; _module_preset=\u00bbdefault\u00bb da_is_popup=\u00bboff\u00bb da_exit_intent=\u00bboff\u00bb da_has_close=\u00bbon\u00bb da_alt_close=\u00bboff\u00bb da_dark_close=\u00bboff\u00bb da_not_modal=\u00bbon\u00bb da_is_singular=\u00bboff\u00bb da_with_loader=\u00bboff\u00bb da_has_shadow=\u00bbon\u00bb da_disable_devices=\u00bboff|off|off\u00bb][et_pb_row _builder_version=\u00bb4.27.4&#8243; _module_preset=\u00bbdefault\u00bb theme_builder_area=\u00bbpost_content\u00bb][et_pb_column _builder_version=\u00bb4.27.4&#8243; _module_preset=\u00bbdefault\u00bb type=\u00bb4_4&#8243; theme_builder_area=\u00bbpost_content\u00bb][et_pb_text _builder_version=\u00bb4.27.4&#8243; _module_preset=\u00bbdefault\u00bb theme_builder_area=\u00bbpost_content\u00bb hover_enabled=\u00bb0&#8243; sticky_enabled=\u00bb0&#8243;]<\/p>\n<p>En una reuni\u00f3n convocada por la Direcci\u00f3n Regional de Educaci\u00f3n de Lima Metropolitana (DRELM), los representantes de las siete UGEL de Lima Metropolitana y los coordinadores generales de las Redes Educativas Institucionales (REI), compartieron experiencias y establecieron diversos compromisos destinados a fortalecer los aprendizajes en el aula durante el a\u00f1o lectivo 2025.<\/p>\n<p>Por parte de la UGEL 04, participaron activamente los jefes de los \u00f3rganos de l\u00ednea, Roberto Zeballos (AGEBATP), Johnny Ventura (AGEBRE) y Willy V\u00e1squez (ASGESE), y Helen Vila representante del APP, quienes aportaron perspectivas valiosas sobre nuestras realidades locales y sobre c\u00f3mo podemos trabajar de manera conjunta para fortalecer el sistema educativo en nuestra jurisdicci\u00f3n.<\/p>\n<p>El director regional, Marco Tupayachi, dio la bienvenida a todos los participantes e inform\u00f3 que, en 2025 se convocar\u00e1 a los maestros innovadores para que, a trav\u00e9s de las redes educativas, gu\u00eden y apoyen el proceso de mejora continua, estableciendo rutas pedag\u00f3gicas claras que permitan un impacto positivo en los aprendizajes de los estudiantes en Lima Metropolitana.<\/p>\n<p>La UGEL 04 reafirma su compromiso con la mejora continua de la educaci\u00f3n, trabajando junto a las entidades tutelares educativas de Lima Metropolitana y los actores educativos para asegurar una formaci\u00f3n de alta calidad en nuestros estudiantes.<\/p>\n<p>[\/et_pb_text][\/et_pb_column][\/et_pb_row][\/et_pb_section]<\/p>\n","protected":false},"excerpt":{"rendered":"<p>En una reuni\u00f3n convocada por la Direcci\u00f3n Regional de Educaci\u00f3n de Lima Metropolitana (DRELM), los representantes de las siete UGEL de Lima Metropolitana y los coordinadores generales de las Redes [&hellip;]<\/p>\n","protected":false},"author":1,"featured_media":258427,"comment_status":"open","ping_status":"open","sticky":false,"template":"","format":"standard","meta":{"_et_pb_use_builder":"on","_et_pb_old_content":"","_et_gb_content_width":"1080","footnotes":""},"categories":[10],"tags":[],"class_list":["post-258426","post","type-post","status-publish","format-standard","has-post-thumbnail","hentry","category-noticias"],"_links":{"self":[{"href":"https:\/\/ugel04.gob.pe\/home\/wp-json\/wp\/v2\/posts\/258426","targetHints":{"allow":["GET"]}}],"collection":[{"href":"https:\/\/ugel04.gob.pe\/home\/wp-json\/wp\/v2\/posts"}],"about":[{"href":"https:\/\/ugel04.gob.pe\/home\/wp-json\/wp\/v2\/types\/post"}],"author":[{"embeddable":true,"href":"https:\/\/ugel04.gob.pe\/home\/wp-json\/wp\/v2\/users\/1"}],"replies":[{"embeddable":true,"href":"https:\/\/ugel04.gob.pe\/home\/wp-json\/wp\/v2\/comments?post=258426"}],"version-history":[{"count":2,"href":"https:\/\/ugel04.gob.pe\/home\/wp-json\/wp\/v2\/posts\/258426\/revisions"}],"predecessor-version":[{"id":258429,"href":"https:\/\/ugel04.gob.pe\/home\/wp-json\/wp\/v2\/posts\/258426\/revisions\/258429"}],"wp:featuredmedia":[{"embeddable":true,"href":"https:\/\/ugel04.gob.pe\/home\/wp-json\/wp\/v2\/media\/258427"}],"wp:attachment":[{"href":"https:\/\/ugel04.gob.pe\/home\/wp-json\/wp\/v2\/media?parent=258426"}],"wp:term":[{"taxonomy":"category","embeddable":true,"href":"https:\/\/ugel04.gob.pe\/home\/wp-json\/wp\/v2\/categories?post=258426"},{"taxonomy":"post_tag","embeddable":true,"href":"https:\/\/ugel04.gob.pe\/home\/wp-json\/wp\/v2\/tags?post=258426"}],"curies":[{"name":"wp","href":"https:\/\/api.w.org\/{rel}","templated":true}]}}