{"id":258352,"date":"2025-01-14T10:25:25","date_gmt":"2025-01-14T15:25:25","guid":{"rendered":"https:\/\/ugel04.gob.pe\/home\/?p=258352"},"modified":"2025-01-14T10:54:28","modified_gmt":"2025-01-14T15:54:28","slug":"mas-de-600-docentes-se-adjudicaron-una-plaza-de-nombramiento-en-las-iiee-de-nuestra-jurisdiccion","status":"publish","type":"post","link":"https:\/\/ugel04.gob.pe\/home\/mas-de-600-docentes-se-adjudicaron-una-plaza-de-nombramiento-en-las-iiee-de-nuestra-jurisdiccion\/","title":{"rendered":"M\u00c1S DE 500 DOCENTES SE ADJUDICARON UNA PLAZA DE NOMBRAMIENTO EN LAS IIEE DE NUESTRA JURISDICCI\u00d3N"},"content":{"rendered":"<p>[et_pb_section fb_built=\u00bb1&#8243; _builder_version=\u00bb4.27.4&#8243; _module_preset=\u00bbdefault\u00bb da_disable_devices=\u00bboff|off|off\u00bb global_colors_info=\u00bb{}\u00bb da_is_popup=\u00bboff\u00bb da_exit_intent=\u00bboff\u00bb da_has_close=\u00bbon\u00bb da_alt_close=\u00bboff\u00bb da_dark_close=\u00bboff\u00bb da_not_modal=\u00bbon\u00bb da_is_singular=\u00bboff\u00bb da_with_loader=\u00bboff\u00bb da_has_shadow=\u00bbon\u00bb][et_pb_row _builder_version=\u00bb4.27.4&#8243; _module_preset=\u00bbdefault\u00bb global_colors_info=\u00bb{}\u00bb][et_pb_column type=\u00bb4_4&#8243; _builder_version=\u00bb4.27.4&#8243; _module_preset=\u00bbdefault\u00bb global_colors_info=\u00bb{}\u00bb][et_pb_text _builder_version=\u00bb4.27.4&#8243; _module_preset=\u00bbdefault\u00bb global_colors_info=\u00bb{}\u00bb]<\/p>\n<p>En un proceso di\u00e1fano, \u00e1gil y eficiente, un total de 510 profesores accedieron a una plaza de nombramiento docente en las escuelas p\u00fablicas y por convenio de la jurisdicci\u00f3n de la UGEL 04, durante el concurso de ingreso a la Carrera P\u00fablica Magisterial (CPM) desarrollado por nuestra entidad en el auditorio principal de la Universidad de Ciencias y Humanidades (UCH), ubicado en Lima Norte.<\/p>\n<p>El acto p\u00fablico realizado los d\u00edas mi\u00e9rcoles 08, jueves 09, viernes 10 y lunes 13 de enero, se cumpli\u00f3 respetando estrictamente los lineamientos establecidos en la RV N\u00b0 037-2024-Minedu, bajo la supervisi\u00f3n de representantes de la Direcci\u00f3n Regional de Educaci\u00f3n de Lima Metropolitana (DRELM) y el Ministerio de Educaci\u00f3n (Minedu), quienes garantizaron la idoneidad del proceso.<\/p>\n<p>En este contexto, los participantes destacaron la rapidez y objetividad del evento, manifestando su emoci\u00f3n al recibir las actas de adjudicaci\u00f3n; as\u00ed como, su compromiso de trabajar con dedicaci\u00f3n para fortalecer la calidad educativa en las aulas. Adem\u00e1s, expresaron su inter\u00e9s en continuar capacit\u00e1ndose para innovar sus m\u00e9todos de ense\u00f1anza y enriquecer el aprendizaje de los estudiantes con estrategias pedag\u00f3gicas modernas.<\/p>\n<p>La directora de la UGEL 04, Nelly Cunza, quien sigui\u00f3 de cerca y presenci\u00f3 varias etapas del proceso, aprovech\u00f3 la ocasi\u00f3n para motivar a los flamantes docentes nombrados a seguir el camino ascendente en sus carreras profesionales y contribuir a la mejora de la calidad educativa.<\/p>\n<p>\u201cLos estudiantes los esperan con much\u00edsimas expectativas, ustedes han superado un proceso exhaustivo de evaluaci\u00f3n por competencias, lo que los convierte en docentes pertinentes para mejorar los aprendizajes en las aulas. Por el lado profesional, ahora inician una carrera de grandes retos, no se descuiden. Deben seguir ascendiendo para ocupar cargos de responsabilidad\u201d, refiri\u00f3 la titular de nuestra entidad.<\/p>\n<p>Como se sabe, el proceso de adjudicaci\u00f3n de plazas docentes en nuestra UGEL, durante los cuatro d\u00edas se\u00f1alados, se inici\u00f3 a las 8:30 am., habi\u00e9ndose dividido por modalidades (EBR, EBA, EBE) y niveles (Inicial, primaria, secundaria), con el fin de evitar las aglomeraciones, garantizando as\u00ed, un procedimiento transparente y exhaustivo.<\/p>\n<p>\u00a1Felicitamos a todos los profesores que se incorporan a la Carrera P\u00fablica Magisterial en el presente a\u00f1o y compartimos su alegr\u00eda!<\/p>\n<p>Nos preparamos para lograr juntos en marzo pr\u00f3ximo, el Buen Inicio del A\u00f1o Escolar 2025, comprometidos en brindar una educaci\u00f3n de calidad con metas claras y un enfoque por competencias, que coadyuve a la mejora del proceso de ense\u00f1anza y aprendizaje<\/p>\n<p>[\/et_pb_text][\/et_pb_column][\/et_pb_row][\/et_pb_section]<\/p>\n","protected":false},"excerpt":{"rendered":"<p>En un proceso di\u00e1fano, \u00e1gil y eficiente, un total de 510 profesores accedieron a una plaza de nombramiento docente en las escuelas p\u00fablicas y por convenio de la jurisdicci\u00f3n de [&hellip;]<\/p>\n","protected":false},"author":1,"featured_media":258356,"comment_status":"open","ping_status":"open","sticky":false,"template":"","format":"standard","meta":{"_et_pb_use_builder":"on","_et_pb_old_content":"","_et_gb_content_width":"1080","footnotes":""},"categories":[10],"tags":[],"class_list":["post-258352","post","type-post","status-publish","format-standard","has-post-thumbnail","hentry","category-noticias"],"_links":{"self":[{"href":"https:\/\/ugel04.gob.pe\/home\/wp-json\/wp\/v2\/posts\/258352","targetHints":{"allow":["GET"]}}],"collection":[{"href":"https:\/\/ugel04.gob.pe\/home\/wp-json\/wp\/v2\/posts"}],"about":[{"href":"https:\/\/ugel04.gob.pe\/home\/wp-json\/wp\/v2\/types\/post"}],"author":[{"embeddable":true,"href":"https:\/\/ugel04.gob.pe\/home\/wp-json\/wp\/v2\/users\/1"}],"replies":[{"embeddable":true,"href":"https:\/\/ugel04.gob.pe\/home\/wp-json\/wp\/v2\/comments?post=258352"}],"version-history":[{"count":5,"href":"https:\/\/ugel04.gob.pe\/home\/wp-json\/wp\/v2\/posts\/258352\/revisions"}],"predecessor-version":[{"id":258359,"href":"https:\/\/ugel04.gob.pe\/home\/wp-json\/wp\/v2\/posts\/258352\/revisions\/258359"}],"wp:featuredmedia":[{"embeddable":true,"href":"https:\/\/ugel04.gob.pe\/home\/wp-json\/wp\/v2\/media\/258356"}],"wp:attachment":[{"href":"https:\/\/ugel04.gob.pe\/home\/wp-json\/wp\/v2\/media?parent=258352"}],"wp:term":[{"taxonomy":"category","embeddable":true,"href":"https:\/\/ugel04.gob.pe\/home\/wp-json\/wp\/v2\/categories?post=258352"},{"taxonomy":"post_tag","embeddable":true,"href":"https:\/\/ugel04.gob.pe\/home\/wp-json\/wp\/v2\/tags?post=258352"}],"curies":[{"name":"wp","href":"https:\/\/api.w.org\/{rel}","templated":true}]}}