{"id":258339,"date":"2025-01-08T13:11:20","date_gmt":"2025-01-08T18:11:20","guid":{"rendered":"https:\/\/ugel04.gob.pe\/home\/?p=258339"},"modified":"2025-01-08T13:11:26","modified_gmt":"2025-01-08T18:11:26","slug":"se-inicio-proceso-de-adjudicacion-de-plazas-de-nombramiento-docente","status":"publish","type":"post","link":"https:\/\/ugel04.gob.pe\/home\/se-inicio-proceso-de-adjudicacion-de-plazas-de-nombramiento-docente\/","title":{"rendered":"SE INICI\u00d3 PROCESO DE ADJUDICACI\u00d3N DE PLAZAS DE NOMBRAMIENTO DOCENTE"},"content":{"rendered":"<p>[et_pb_section fb_built=\u00bb1&#8243; theme_builder_area=\u00bbpost_content\u00bb _builder_version=\u00bb4.27.4&#8243; _module_preset=\u00bbdefault\u00bb da_is_popup=\u00bboff\u00bb da_exit_intent=\u00bboff\u00bb da_has_close=\u00bbon\u00bb da_alt_close=\u00bboff\u00bb da_dark_close=\u00bboff\u00bb da_not_modal=\u00bbon\u00bb da_is_singular=\u00bboff\u00bb da_with_loader=\u00bboff\u00bb da_has_shadow=\u00bbon\u00bb da_disable_devices=\u00bboff|off|off\u00bb][et_pb_row _builder_version=\u00bb4.27.4&#8243; _module_preset=\u00bbdefault\u00bb theme_builder_area=\u00bbpost_content\u00bb][et_pb_column _builder_version=\u00bb4.27.4&#8243; _module_preset=\u00bbdefault\u00bb type=\u00bb4_4&#8243; theme_builder_area=\u00bbpost_content\u00bb][et_pb_text _builder_version=\u00bb4.27.4&#8243; _module_preset=\u00bbdefault\u00bb theme_builder_area=\u00bbpost_content\u00bb hover_enabled=\u00bb0&#8243; sticky_enabled=\u00bb0&#8243;]<\/p>\n<p>La UGEL 04 inici\u00f3 el mi\u00e9rcoles 8 de enero de 2025, el Concurso P\u00fablico de Ingreso a la Carrera P\u00fablica Magisterial \u2013 2024 en su jurisdicci\u00f3n, con la adjudicaci\u00f3n de plazas pertenecientes a las instituciones educativas por convenio, fiscalizadas y de educaci\u00f3n religiosa, en un acto \u00e1gil y transparente desarrollado en la sede de la Universidad de Ciencias y Humanidades (UCH), ubicado en Lima Norte.<\/p>\n<p>Durante esta primera jornada, los profesores asistentes fueron testigos de la celeridad y objetividad del tr\u00e1mite para la obtenci\u00f3n del acta de adjudicaci\u00f3n de plaza de nombramiento \u2013el cual se rige en estricto cumplimiento de la norma vigente: RVM N\u00b0 037-2024-MINEDU-, mostrando su satisfacci\u00f3n por el proceso.<\/p>\n<p>En este contexto, los docentes ratificaron su compromiso de trabajar con ah\u00ednco para fortalecer la calidad educativa en las aulas, comprometi\u00e9ndose a seguir capacit\u00e1ndose para innovar su pedagog\u00eda y generar m\u00e9todos innovadores de ense\u00f1anza a favor de los estudiantes.<\/p>\n<p>La directora de la UGEL 04, Nelly Cunza, presente en la sede de la UCH desde la primera hora, supervis\u00f3 el desarrollo del evento y motiv\u00f3 a los docentes participantes a continuar en la brega del desarrollo profesional, para alcanzar mayores logros que permitan mejorar los est\u00e1ndares educativos en el pa\u00eds. \u00a0<\/p>\n<p>Como se sabe, este acto p\u00fablico de adjudicaci\u00f3n se realizar\u00e1 los d\u00edas 08, 09, 10 y 13 de enero, a partir de las 8:30 am; habi\u00e9ndose dividido por modalidades y niveles, a fin de evitar las aglomeraciones y para garantizar un procedimiento di\u00e1fano y exhaustivo.<\/p>\n<p>Cabe resaltar que, en el presente proceso se encuentran disponibles en nuestra jurisdicci\u00f3n un total de 661 plazas para nombramiento docente, distribuidas en las escuelas p\u00fablicas y por convenio, seg\u00fan modalidades de EBE, EBR y EBA, con sus respectivos niveles de inicial, primaria y secundaria.<\/p>\n<p>[\/et_pb_text][\/et_pb_column][\/et_pb_row][\/et_pb_section]<\/p>\n","protected":false},"excerpt":{"rendered":"<p>La UGEL 04 inici\u00f3 el mi\u00e9rcoles 8 de enero de 2025, el Concurso P\u00fablico de Ingreso a la Carrera P\u00fablica Magisterial \u2013 2024 en su jurisdicci\u00f3n, con la adjudicaci\u00f3n de [&hellip;]<\/p>\n","protected":false},"author":1,"featured_media":258340,"comment_status":"open","ping_status":"open","sticky":false,"template":"","format":"standard","meta":{"_et_pb_use_builder":"on","_et_pb_old_content":"","_et_gb_content_width":"1080","footnotes":""},"categories":[10],"tags":[],"class_list":["post-258339","post","type-post","status-publish","format-standard","has-post-thumbnail","hentry","category-noticias"],"_links":{"self":[{"href":"https:\/\/ugel04.gob.pe\/home\/wp-json\/wp\/v2\/posts\/258339","targetHints":{"allow":["GET"]}}],"collection":[{"href":"https:\/\/ugel04.gob.pe\/home\/wp-json\/wp\/v2\/posts"}],"about":[{"href":"https:\/\/ugel04.gob.pe\/home\/wp-json\/wp\/v2\/types\/post"}],"author":[{"embeddable":true,"href":"https:\/\/ugel04.gob.pe\/home\/wp-json\/wp\/v2\/users\/1"}],"replies":[{"embeddable":true,"href":"https:\/\/ugel04.gob.pe\/home\/wp-json\/wp\/v2\/comments?post=258339"}],"version-history":[{"count":2,"href":"https:\/\/ugel04.gob.pe\/home\/wp-json\/wp\/v2\/posts\/258339\/revisions"}],"predecessor-version":[{"id":258342,"href":"https:\/\/ugel04.gob.pe\/home\/wp-json\/wp\/v2\/posts\/258339\/revisions\/258342"}],"wp:featuredmedia":[{"embeddable":true,"href":"https:\/\/ugel04.gob.pe\/home\/wp-json\/wp\/v2\/media\/258340"}],"wp:attachment":[{"href":"https:\/\/ugel04.gob.pe\/home\/wp-json\/wp\/v2\/media?parent=258339"}],"wp:term":[{"taxonomy":"category","embeddable":true,"href":"https:\/\/ugel04.gob.pe\/home\/wp-json\/wp\/v2\/categories?post=258339"},{"taxonomy":"post_tag","embeddable":true,"href":"https:\/\/ugel04.gob.pe\/home\/wp-json\/wp\/v2\/tags?post=258339"}],"curies":[{"name":"wp","href":"https:\/\/api.w.org\/{rel}","templated":true}]}}