{"id":258326,"date":"2025-01-07T16:15:56","date_gmt":"2025-01-07T21:15:56","guid":{"rendered":"https:\/\/ugel04.gob.pe\/home\/?p=258326"},"modified":"2025-01-07T16:16:04","modified_gmt":"2025-01-07T21:16:04","slug":"se-inaugura-moderna-sala-de-computo-en-la-ie-3519-philip-saunders","status":"publish","type":"post","link":"https:\/\/ugel04.gob.pe\/home\/se-inaugura-moderna-sala-de-computo-en-la-ie-3519-philip-saunders\/","title":{"rendered":"SE INAUGURA MODERNA SALA DE C\u00d3MPUTO EN LA IE. 3519 PHILIP SAUNDERS"},"content":{"rendered":"<p>[et_pb_section fb_built=\u00bb1&#8243; theme_builder_area=\u00bbpost_content\u00bb _builder_version=\u00bb4.27.4&#8243; _module_preset=\u00bbdefault\u00bb da_is_popup=\u00bboff\u00bb da_exit_intent=\u00bboff\u00bb da_has_close=\u00bbon\u00bb da_alt_close=\u00bboff\u00bb da_dark_close=\u00bboff\u00bb da_not_modal=\u00bbon\u00bb da_is_singular=\u00bboff\u00bb da_with_loader=\u00bboff\u00bb da_has_shadow=\u00bbon\u00bb da_disable_devices=\u00bboff|off|off\u00bb][et_pb_row _builder_version=\u00bb4.27.4&#8243; _module_preset=\u00bbdefault\u00bb theme_builder_area=\u00bbpost_content\u00bb][et_pb_column _builder_version=\u00bb4.27.4&#8243; _module_preset=\u00bbdefault\u00bb type=\u00bb4_4&#8243; theme_builder_area=\u00bbpost_content\u00bb][et_pb_text _builder_version=\u00bb4.27.4&#8243; _module_preset=\u00bbdefault\u00bb theme_builder_area=\u00bbpost_content\u00bb hover_enabled=\u00bb0&#8243; sticky_enabled=\u00bb0&#8243;]<\/p>\n<p><strong>En el marco del programa \u201cConectados para Aprender\u201d que desarrolla Unicef, en colaboraci\u00f3n con Credicorp y la UGEL 04<\/strong>, la directora Nelly Cunza, particip\u00f3 en la inauguraci\u00f3n de una moderna sala de c\u00f3mputo en la IE. 3519 Philip Saunders, ubicada en el distrito de Carabayllo, implementada con la finalidad de reducir la brecha digital y facilitar el acceso a la tecnolog\u00eda de los escolares de esta escuela.<\/p>\n<p>La sala de c\u00f3mputo est\u00e1 equipada con 25 computadoras port\u00e1tiles (laptops) de \u00faltima generaci\u00f3n, mobiliario escolar y conexi\u00f3n a internet; herramientas que permitir\u00e1n a estudiantes y docentes fortalecer sus competencias digitales y enriquecer el proceso de aprendizaje.<\/p>\n<p>Esta acci\u00f3n ha sido complementada con el esfuerzo, la uni\u00f3n y el compromiso de los padres de familia, quienes, junto con el resto de la comunidad educativa, realizaron la construcci\u00f3n del aula de innovaci\u00f3n donde se instalaron los equipos.<\/p>\n<p>Este sal\u00f3n, que fue inaugurado con entusiasmo, no solo beneficiar\u00e1 a los estudiantes, sino que tambi\u00e9n marcar\u00e1 un hito en la mejora de la calidad educativa en la instituci\u00f3n, brindando mayores oportunidades de aprendizaje para ni\u00f1as, ni\u00f1os y adolescentes.<\/p>\n<p>Durante la ceremonia, la directora de la UGEL 04 expres\u00f3 su agradecimiento a UNICEF y Credicorp por el permanente apoyo que brindan a la educaci\u00f3n. \u201cEsta moderna sala no solo beneficiar\u00e1 a nuestros estudiantes en su formaci\u00f3n acad\u00e9mica, sino que tambi\u00e9n fortalecer\u00e1 las capacidades de nuestros docentes, garantizando una educaci\u00f3n de calidad para todos\u201d.<\/p>\n<p>Por su parte, la directora de la IE 3519 Philip Saunders, Giovanna G\u00f3mez destac\u00f3 el impacto positivo que esta iniciativa tendr\u00e1 en los estudiantes, especialmente en aquellos en situaci\u00f3n de vulnerabilidad, \u201cgracias a este apoyo, nuestros ni\u00f1os y ni\u00f1as podr\u00e1n acceder a herramientas tecnol\u00f3gicas que enriquecer\u00e1n su aprendizaje y les abrir\u00e1n nuevas oportunidades para el futuro\u201d, se\u00f1al\u00f3.<\/p>\n<p>Cabe destacar la presencia del representante de UNICEF Per\u00fa, Juan Quezada, quien reiter\u00f3 su compromiso de seguir coadyuvando al fortalecimiento de la calidad educativa en nuestra jurisdicci\u00f3n, con el desarrollo de m\u00e1s programas de apoyo, principalmente en las escuelas con mayores necesidades.<\/p>\n<p>&nbsp;<\/p>\n<p>[\/et_pb_text][\/et_pb_column][\/et_pb_row][\/et_pb_section]<\/p>\n","protected":false},"excerpt":{"rendered":"<p>En el marco del programa \u201cConectados para Aprender\u201d que desarrolla Unicef, en colaboraci\u00f3n con Credicorp y la UGEL 04, la directora Nelly Cunza, particip\u00f3 en la inauguraci\u00f3n de una moderna [&hellip;]<\/p>\n","protected":false},"author":1,"featured_media":258327,"comment_status":"open","ping_status":"open","sticky":false,"template":"","format":"standard","meta":{"_et_pb_use_builder":"on","_et_pb_old_content":"","_et_gb_content_width":"1080","footnotes":""},"categories":[10],"tags":[],"class_list":["post-258326","post","type-post","status-publish","format-standard","has-post-thumbnail","hentry","category-noticias"],"_links":{"self":[{"href":"https:\/\/ugel04.gob.pe\/home\/wp-json\/wp\/v2\/posts\/258326","targetHints":{"allow":["GET"]}}],"collection":[{"href":"https:\/\/ugel04.gob.pe\/home\/wp-json\/wp\/v2\/posts"}],"about":[{"href":"https:\/\/ugel04.gob.pe\/home\/wp-json\/wp\/v2\/types\/post"}],"author":[{"embeddable":true,"href":"https:\/\/ugel04.gob.pe\/home\/wp-json\/wp\/v2\/users\/1"}],"replies":[{"embeddable":true,"href":"https:\/\/ugel04.gob.pe\/home\/wp-json\/wp\/v2\/comments?post=258326"}],"version-history":[{"count":2,"href":"https:\/\/ugel04.gob.pe\/home\/wp-json\/wp\/v2\/posts\/258326\/revisions"}],"predecessor-version":[{"id":258329,"href":"https:\/\/ugel04.gob.pe\/home\/wp-json\/wp\/v2\/posts\/258326\/revisions\/258329"}],"wp:featuredmedia":[{"embeddable":true,"href":"https:\/\/ugel04.gob.pe\/home\/wp-json\/wp\/v2\/media\/258327"}],"wp:attachment":[{"href":"https:\/\/ugel04.gob.pe\/home\/wp-json\/wp\/v2\/media?parent=258326"}],"wp:term":[{"taxonomy":"category","embeddable":true,"href":"https:\/\/ugel04.gob.pe\/home\/wp-json\/wp\/v2\/categories?post=258326"},{"taxonomy":"post_tag","embeddable":true,"href":"https:\/\/ugel04.gob.pe\/home\/wp-json\/wp\/v2\/tags?post=258326"}],"curies":[{"name":"wp","href":"https:\/\/api.w.org\/{rel}","templated":true}]}}