{"id":258295,"date":"2025-01-06T12:32:42","date_gmt":"2025-01-06T17:32:42","guid":{"rendered":"https:\/\/ugel04.gob.pe\/home\/?p=258295"},"modified":"2025-01-06T12:32:50","modified_gmt":"2025-01-06T17:32:50","slug":"educunas-reciben-bienes-muebles-y-material-educativo","status":"publish","type":"post","link":"https:\/\/ugel04.gob.pe\/home\/educunas-reciben-bienes-muebles-y-material-educativo\/","title":{"rendered":"EDUCUNAS RECIBEN BIENES MUEBLES Y MATERIAL EDUCATIVO"},"content":{"rendered":"<p>[et_pb_section fb_built=\u00bb1&#8243; theme_builder_area=\u00bbpost_content\u00bb _builder_version=\u00bb4.27.4&#8243; _module_preset=\u00bbdefault\u00bb da_is_popup=\u00bboff\u00bb da_exit_intent=\u00bboff\u00bb da_has_close=\u00bbon\u00bb da_alt_close=\u00bboff\u00bb da_dark_close=\u00bboff\u00bb da_not_modal=\u00bbon\u00bb da_is_singular=\u00bboff\u00bb da_with_loader=\u00bboff\u00bb da_has_shadow=\u00bbon\u00bb da_disable_devices=\u00bboff|off|off\u00bb][et_pb_row _builder_version=\u00bb4.27.4&#8243; _module_preset=\u00bbdefault\u00bb theme_builder_area=\u00bbpost_content\u00bb][et_pb_column _builder_version=\u00bb4.27.4&#8243; _module_preset=\u00bbdefault\u00bb type=\u00bb4_4&#8243; theme_builder_area=\u00bbpost_content\u00bb][et_pb_text _builder_version=\u00bb4.27.4&#8243; _module_preset=\u00bbdefault\u00bb theme_builder_area=\u00bbpost_content\u00bb hover_enabled=\u00bb0&#8243; sticky_enabled=\u00bb0&#8243;]<\/p>\n<p>En marco de las acciones destinadas a fortalecer el servicio educativo que se brinda a la primera infancia en nuestra jurisdicci\u00f3n, la directora de la UGEL 04 Nelly Cunza, hizo entrega de bienes muebles y materiales pedag\u00f3gicos a 13 instituciones educativas focalizadas pertenecientes al programa EduCuna que atiende a ni\u00f1os y ni\u00f1as de 12 a 36 meses de edad.<\/p>\n<p>En este contexto, las directoras de las IEI beneficiarias, recibieron de manos de la titular de nuestra entidad, los siguientes materiales educativos: pa\u00f1itos h\u00famedos, pisos micro porosos, bloques de construcci\u00f3n, taper organizadores, tapas de inodoro, licuadoras, extractoras, colchones, rampas de accesibilidad y asientos de madera para ni\u00f1os.<\/p>\n<p>En su alocuci\u00f3n, Nelly Cunza destac\u00f3 la utilidad e importancia de los bienes cedidos, para lograr una \u00f3ptima atenci\u00f3n de los menores que acuden a las EduCuna, \u201cdefinitivamente, estos materiales facilitar\u00e1n el desarrollo f\u00edsico y pedag\u00f3gico de los ni\u00f1os. Conf\u00edo en nuestros docentes su uso correcto. Pues, en sus manos est\u00e1 la felicidad de nuestros infantes\u201d, se\u00f1al\u00f3.<\/p>\n<p>Asimismo, subray\u00f3 que somos la \u00fanica UGEL de Lima Metropolitana que viene implementando las EduCuna con diversos materiales y \u00fatiles necesarios para mejorar el servicio que all\u00ed se presta; ello, gracias a la adecuada gesti\u00f3n de algunos saldos presupuestales de la UGEL 04, por parte del jefe y especialistas de inicial, pertenecientes al AGEBRE.<\/p>\n<p>A su turno, el jefe de AGEBRE Johnny Ventura, se\u00f1al\u00f3 que se vienen realizando las acciones a fin de logar en el presente a\u00f1o 2025, la atenci\u00f3n requerida a todas la EduCuna de nuestra jurisdicci\u00f3n, \u201cvamos a generar las condiciones favorables para que nuestras escuelas brinden un servicio \u00f3ptimo desde la primera infancia hasta el nivel secundario\u201d, puntualiz\u00f3.<\/p>\n<p>En la cita estuvieron presentes las especialistas en educaci\u00f3n del nivel inicial, cuyo trabajo conjunto con los funcionarios y servidores administrativos de la UGEL 04, viene haciendo posible la implementaci\u00f3n de las EduCuna.<\/p>\n<p>Cabe destacar que, en las EduCuna se atienden ni\u00f1os y ni\u00f1as de edades comprendidas entre 1 y 2 a\u00f1os, durante el horario diurno de 8 horas. Para acceder a este servicio la madre o padre debe acreditar que la atenci\u00f3n de su menor hijo depende solamente de ella o \u00e9l, que se encuentra en situaci\u00f3n de pobreza o pobreza extrema y que est\u00e1n trabajando o estudiando.<\/p>\n<p><strong>IEI (EduCuna) Beneficiadas:<\/strong><\/p>\n<table width=\"624\">\n<tbody>\n<tr>\n<td width=\"180\">\n<p><strong>IEI<\/strong><\/p>\n<\/td>\n<td width=\"293\">\n<p><strong>ART\u00cdCULOS<\/strong><\/p>\n<\/td>\n<td width=\"151\">\n<p><strong>DIRECTORA<\/strong><\/p>\n<\/td>\n<\/tr>\n<tr>\n<td width=\"180\">\n<p>882<\/p>\n<\/td>\n<td width=\"293\">\n<p>Bienes muebles y materiales pedag\u00f3gicos<\/p>\n<\/td>\n<td width=\"151\">\n<p>\u00darsula Morales<\/p>\n<\/td>\n<\/tr>\n<tr>\n<td width=\"180\">\n<p>339<\/p>\n<\/td>\n<td width=\"293\">\n<p>Bienes muebles y materiales pedag\u00f3gicos<\/p>\n<\/td>\n<td width=\"151\">\n<p>Luisa Torres<\/p>\n<\/td>\n<\/tr>\n<tr>\n<td width=\"180\">\n<p>8190 Sol Naciente<\/p>\n<\/td>\n<td width=\"293\">\n<p>Bienes muebles y materiales pedag\u00f3gicos<\/p>\n<\/td>\n<td width=\"151\">\n<p>Judith Olivas<\/p>\n<\/td>\n<\/tr>\n<tr>\n<td width=\"180\">\n<p>Santa Luzmila<\/p>\n<\/td>\n<td width=\"293\">\n<p>Bienes muebles y materiales pedag\u00f3gicos<\/p>\n<\/td>\n<td width=\"151\">\n<p>Ana Torres<\/p>\n<\/td>\n<\/tr>\n<tr>\n<td width=\"180\">\n<p>Luis Enrique XIII<\/p>\n<\/td>\n<td width=\"293\">\n<p>Bienes muebles y materiales pedag\u00f3gicos<\/p>\n<\/td>\n<td width=\"151\">\n<p>Cristina Cuya<\/p>\n<\/td>\n<\/tr>\n<tr>\n<td width=\"180\">\n<p>La Pascana<\/p>\n<\/td>\n<td width=\"293\">\n<p>Bienes muebles y materiales pedag\u00f3gicos<\/p>\n<\/td>\n<td width=\"151\">\n<p>Peggy Espinal<\/p>\n<\/td>\n<\/tr>\n<tr>\n<td width=\"180\">\n<p>Luis Enrique XIV<\/p>\n<\/td>\n<td width=\"293\">\n<p>Bienes muebles y materiales pedag\u00f3gicos<\/p>\n<\/td>\n<td width=\"151\">\n<p>Teresa Miranda<\/p>\n<\/td>\n<\/tr>\n<tr>\n<td width=\"180\">\n<p>Luis Enrique I<\/p>\n<\/td>\n<td width=\"293\">\n<p>Bienes muebles y materiales pedag\u00f3gicos<\/p>\n<\/td>\n<td width=\"151\">\n<p>Lelis Garc\u00eda<\/p>\n<\/td>\n<\/tr>\n<tr>\n<td width=\"180\">\n<p>IEI 03<\/p>\n<\/td>\n<td width=\"293\">\n<p>Bienes muebles y materiales pedag\u00f3gicos<\/p>\n<\/td>\n<td width=\"151\">\n<p>M\u00f3nica Huaman\u00ed<\/p>\n<\/td>\n<\/tr>\n<tr>\n<td width=\"180\">\n<p>Luis Enrique II<\/p>\n<\/td>\n<td width=\"293\">\n<p>Bienes muebles y materiales pedag\u00f3gicos<\/p>\n<\/td>\n<td width=\"151\">\n<p>Guadalupe Asmat<\/p>\n<\/td>\n<\/tr>\n<tr>\n<td width=\"180\">\n<p>888 Se\u00f1or de los Milagros<\/p>\n<\/td>\n<td width=\"293\">\n<p>Bienes muebles y materiales pedag\u00f3gicos<\/p>\n<\/td>\n<td width=\"151\">\n<p>Patricia Monteagudo<\/p>\n<\/td>\n<\/tr>\n<tr>\n<td width=\"180\">\n<p>337 Sangarar\u00e1<\/p>\n<\/td>\n<td width=\"293\">\n<p>Bienes muebles y materiales pedag\u00f3gicos<\/p>\n<\/td>\n<td width=\"151\">\n<p>Karina L\u00f3pez<\/p>\n<\/td>\n<\/tr>\n<tr>\n<td width=\"180\">\n<p>12<\/p>\n<\/td>\n<td width=\"293\">\n<p>Bienes muebles y materiales pedag\u00f3gicos<\/p>\n<\/td>\n<td width=\"151\">\n<p>Jenny Castillo<\/p>\n<\/td>\n<\/tr>\n<\/tbody>\n<\/table>\n<p>&nbsp;<\/p>\n<p>[\/et_pb_text][\/et_pb_column][\/et_pb_row][\/et_pb_section]<\/p>\n","protected":false},"excerpt":{"rendered":"<p>En marco de las acciones destinadas a fortalecer el servicio educativo que se brinda a la primera infancia en nuestra jurisdicci\u00f3n, la directora de la UGEL 04 Nelly Cunza, hizo [&hellip;]<\/p>\n","protected":false},"author":1,"featured_media":258296,"comment_status":"open","ping_status":"open","sticky":false,"template":"","format":"standard","meta":{"_et_pb_use_builder":"on","_et_pb_old_content":"","_et_gb_content_width":"1080","footnotes":""},"categories":[10],"tags":[],"class_list":["post-258295","post","type-post","status-publish","format-standard","has-post-thumbnail","hentry","category-noticias"],"_links":{"self":[{"href":"https:\/\/ugel04.gob.pe\/home\/wp-json\/wp\/v2\/posts\/258295","targetHints":{"allow":["GET"]}}],"collection":[{"href":"https:\/\/ugel04.gob.pe\/home\/wp-json\/wp\/v2\/posts"}],"about":[{"href":"https:\/\/ugel04.gob.pe\/home\/wp-json\/wp\/v2\/types\/post"}],"author":[{"embeddable":true,"href":"https:\/\/ugel04.gob.pe\/home\/wp-json\/wp\/v2\/users\/1"}],"replies":[{"embeddable":true,"href":"https:\/\/ugel04.gob.pe\/home\/wp-json\/wp\/v2\/comments?post=258295"}],"version-history":[{"count":2,"href":"https:\/\/ugel04.gob.pe\/home\/wp-json\/wp\/v2\/posts\/258295\/revisions"}],"predecessor-version":[{"id":258298,"href":"https:\/\/ugel04.gob.pe\/home\/wp-json\/wp\/v2\/posts\/258295\/revisions\/258298"}],"wp:featuredmedia":[{"embeddable":true,"href":"https:\/\/ugel04.gob.pe\/home\/wp-json\/wp\/v2\/media\/258296"}],"wp:attachment":[{"href":"https:\/\/ugel04.gob.pe\/home\/wp-json\/wp\/v2\/media?parent=258295"}],"wp:term":[{"taxonomy":"category","embeddable":true,"href":"https:\/\/ugel04.gob.pe\/home\/wp-json\/wp\/v2\/categories?post=258295"},{"taxonomy":"post_tag","embeddable":true,"href":"https:\/\/ugel04.gob.pe\/home\/wp-json\/wp\/v2\/tags?post=258295"}],"curies":[{"name":"wp","href":"https:\/\/api.w.org\/{rel}","templated":true}]}}