{"id":258283,"date":"2025-01-02T10:57:15","date_gmt":"2025-01-02T15:57:15","guid":{"rendered":"https:\/\/ugel04.gob.pe\/home\/?p=258283"},"modified":"2025-01-02T10:57:22","modified_gmt":"2025-01-02T15:57:22","slug":"se-inicia-proceso-para-contratacion-de-auxiliares-de-educacion-2025","status":"publish","type":"post","link":"https:\/\/ugel04.gob.pe\/home\/se-inicia-proceso-para-contratacion-de-auxiliares-de-educacion-2025\/","title":{"rendered":"SE INICIA PROCESO PARA CONTRATACI\u00d3N DE AUXILIARES DE EDUCACI\u00d3N 2025"},"content":{"rendered":"<p>[et_pb_section fb_built=\u00bb1&#8243; theme_builder_area=\u00bbpost_content\u00bb _builder_version=\u00bb4.27.4&#8243; _module_preset=\u00bbdefault\u00bb da_is_popup=\u00bboff\u00bb da_exit_intent=\u00bboff\u00bb da_has_close=\u00bbon\u00bb da_alt_close=\u00bboff\u00bb da_dark_close=\u00bboff\u00bb da_not_modal=\u00bbon\u00bb da_is_singular=\u00bboff\u00bb da_with_loader=\u00bboff\u00bb da_has_shadow=\u00bbon\u00bb da_disable_devices=\u00bboff|off|off\u00bb][et_pb_row _builder_version=\u00bb4.27.4&#8243; _module_preset=\u00bbdefault\u00bb theme_builder_area=\u00bbpost_content\u00bb][et_pb_column _builder_version=\u00bb4.27.4&#8243; _module_preset=\u00bbdefault\u00bb type=\u00bb4_4&#8243; theme_builder_area=\u00bbpost_content\u00bb][et_pb_text _builder_version=\u00bb4.27.4&#8243; _module_preset=\u00bbdefault\u00bb theme_builder_area=\u00bbpost_content\u00bb hover_enabled=\u00bb0&#8243; sticky_enabled=\u00bb0&#8243;]<\/p>\n<p>El Ministerio de Educaci\u00f3n (Minedu) anunci\u00f3 el inicio del proceso de contrataci\u00f3n de auxiliares de educaci\u00f3n para el a\u00f1o 2025, que ofrece una oportunidad laboral a miles de profesionales y estudiantes de pedagog\u00eda interesados en formar parte del sistema educativo p\u00fablico.<\/p>\n<p>En esta convocatoria pueden participar los titulados y estudiantes de educaci\u00f3n que acrediten haber culminado, como m\u00ednimo, el sexto ciclo de estudios pedag\u00f3gicos, de acuerdo al nivel y la modalidad de la plaza a la que postulan.<\/p>\n<p>Los interesados deber\u00e1n presentar su solicitud (FUT) <strong>del 3 al 10 de enero a trav\u00e9s de la mesa de partes de la unidad de gesti\u00f3n educativa local (UGEL)<\/strong> en la que deseen trabajar, detallando la modalidad y el nivel al cual postulan.<\/p>\n<p>Adem\u00e1s, deber\u00e1n adjuntar un expediente que incluya los documentos que acrediten el cumplimiento de los requisitos y de los criterios de evaluaci\u00f3n, as\u00ed como los formularios correspondientes a los anexos 1, 6, 7, 8 y 9 de la norma vigente. Cabe resaltar que solo est\u00e1 permitida la postulaci\u00f3n a una UGEL.<\/p>\n<p>En esta contrataci\u00f3n se evaluar\u00e1n tres criterios: la formaci\u00f3n acad\u00e9mica, que incluye estudios superiores y t\u00edtulo profesional t\u00e9cnico; la formaci\u00f3n continua, que considera las capacitaciones realizadas, y la experiencia laboral, que incluye el desempe\u00f1o previo en el cargo de auxiliar de educaci\u00f3n, as\u00ed como en la modalidad y nivel al que postula.\u00a0<\/p>\n<p>El 3 de enero, el Minedu realizar\u00e1 la prepublicaci\u00f3n de plazas y, el 10 de enero, har\u00e1 la publicaci\u00f3n final de plazas. Para m\u00e1s informaci\u00f3n, los postulantes pueden consultar los detalles del proceso en la p\u00e1gina web del Minedu: <u><a href=\"http:\/\/www.minedu.gob.pe\/reforma-magisterial\/auxiliares-educacion.php\">www.minedu.gob.pe\/reforma-magisterial\/auxiliares-educacion.php<\/a> <\/u><\/p>\n<p>El ministro de Educaci\u00f3n, Morgan Quero, destac\u00f3 la importancia de esta convocatoria y se\u00f1al\u00f3 que los auxiliares de educaci\u00f3n cumplen un rol esencial en el desarrollo integral de los estudiantes, apoyando a los docentes y fortaleciendo las actividades pedag\u00f3gicas.<\/p>\n<p>[\/et_pb_text][\/et_pb_column][\/et_pb_row][\/et_pb_section]<\/p>\n","protected":false},"excerpt":{"rendered":"<p>El Ministerio de Educaci\u00f3n (Minedu) anunci\u00f3 el inicio del proceso de contrataci\u00f3n de auxiliares de educaci\u00f3n para el a\u00f1o 2025, que ofrece una oportunidad laboral a miles de profesionales y [&hellip;]<\/p>\n","protected":false},"author":1,"featured_media":258284,"comment_status":"open","ping_status":"open","sticky":false,"template":"","format":"standard","meta":{"_et_pb_use_builder":"on","_et_pb_old_content":"","_et_gb_content_width":"1080","footnotes":""},"categories":[10],"tags":[],"class_list":["post-258283","post","type-post","status-publish","format-standard","has-post-thumbnail","hentry","category-noticias"],"_links":{"self":[{"href":"https:\/\/ugel04.gob.pe\/home\/wp-json\/wp\/v2\/posts\/258283","targetHints":{"allow":["GET"]}}],"collection":[{"href":"https:\/\/ugel04.gob.pe\/home\/wp-json\/wp\/v2\/posts"}],"about":[{"href":"https:\/\/ugel04.gob.pe\/home\/wp-json\/wp\/v2\/types\/post"}],"author":[{"embeddable":true,"href":"https:\/\/ugel04.gob.pe\/home\/wp-json\/wp\/v2\/users\/1"}],"replies":[{"embeddable":true,"href":"https:\/\/ugel04.gob.pe\/home\/wp-json\/wp\/v2\/comments?post=258283"}],"version-history":[{"count":2,"href":"https:\/\/ugel04.gob.pe\/home\/wp-json\/wp\/v2\/posts\/258283\/revisions"}],"predecessor-version":[{"id":258286,"href":"https:\/\/ugel04.gob.pe\/home\/wp-json\/wp\/v2\/posts\/258283\/revisions\/258286"}],"wp:featuredmedia":[{"embeddable":true,"href":"https:\/\/ugel04.gob.pe\/home\/wp-json\/wp\/v2\/media\/258284"}],"wp:attachment":[{"href":"https:\/\/ugel04.gob.pe\/home\/wp-json\/wp\/v2\/media?parent=258283"}],"wp:term":[{"taxonomy":"category","embeddable":true,"href":"https:\/\/ugel04.gob.pe\/home\/wp-json\/wp\/v2\/categories?post=258283"},{"taxonomy":"post_tag","embeddable":true,"href":"https:\/\/ugel04.gob.pe\/home\/wp-json\/wp\/v2\/tags?post=258283"}],"curies":[{"name":"wp","href":"https:\/\/api.w.org\/{rel}","templated":true}]}}