{"id":258217,"date":"2024-12-20T17:45:34","date_gmt":"2024-12-20T22:45:34","guid":{"rendered":"https:\/\/ugel04.gob.pe\/home\/?p=258217"},"modified":"2024-12-20T17:45:40","modified_gmt":"2024-12-20T22:45:40","slug":"se-clausura-segundo-semestre-de-programa-de-alfabetizacion-del-adulto-mayor","status":"publish","type":"post","link":"https:\/\/ugel04.gob.pe\/home\/se-clausura-segundo-semestre-de-programa-de-alfabetizacion-del-adulto-mayor\/","title":{"rendered":"SE CLAUSURA SEGUNDO SEMESTRE DE PROGRAMA DE ALFABETIZACI\u00d3N DEL ADULTO MAYOR"},"content":{"rendered":"<p>[et_pb_section fb_built=\u00bb1&#8243; theme_builder_area=\u00bbpost_content\u00bb _builder_version=\u00bb4.27.4&#8243; _module_preset=\u00bbdefault\u00bb da_is_popup=\u00bboff\u00bb da_exit_intent=\u00bboff\u00bb da_has_close=\u00bbon\u00bb da_alt_close=\u00bboff\u00bb da_dark_close=\u00bboff\u00bb da_not_modal=\u00bbon\u00bb da_is_singular=\u00bboff\u00bb da_with_loader=\u00bboff\u00bb da_has_shadow=\u00bbon\u00bb da_disable_devices=\u00bboff|off|off\u00bb][et_pb_row _builder_version=\u00bb4.27.4&#8243; _module_preset=\u00bbdefault\u00bb theme_builder_area=\u00bbpost_content\u00bb][et_pb_column _builder_version=\u00bb4.27.4&#8243; _module_preset=\u00bbdefault\u00bb type=\u00bb4_4&#8243; theme_builder_area=\u00bbpost_content\u00bb][et_pb_text _builder_version=\u00bb4.27.4&#8243; _module_preset=\u00bbdefault\u00bb theme_builder_area=\u00bbpost_content\u00bb hover_enabled=\u00bb0&#8243; sticky_enabled=\u00bb0&#8243;]<\/p>\n<p>En un ambiente de entusiasmo y gran emoci\u00f3n por los logros alcanzados, se llev\u00f3 a cabo la clausura del periodo 2024-2 del Programa de Alfabetizaci\u00f3n del Adulto Mayor (PAM) en la sede del CEBA Fe y Alegr\u00eda N\u00ba 07, ubicado en el distrito de Comas; el mismo que desarrolla en forma conjunta la UGEL 04 y la Municipalidad de Lima Metropolitana.<\/p>\n<p>Durante la ceremonia de cierre del segundo semestre acad\u00e9mico del PAM, los estudiantes demostraron todo lo aprendido durante su formaci\u00f3n acad\u00e9mica, mediante la presentaci\u00f3n de expresiones art\u00edsticas como danzas y cantos, lo que reflej\u00f3 la creatividad y dedicaci\u00f3n de los participantes.<\/p>\n<p>Cabe destacar, la presencia de la directora de la UGEL 04, Nelly Cunza Pr\u00edncipe, el jefe del AGEBATP, Roberto Zevallos y la directora del CEBA Fe y Alegr\u00eda 07, Giannina Fiori, quienes expresaron palabras de reconocimiento a las exposiciones realizadas por los adultos mayores.<\/p>\n<p>Como se sabe, el Programa de Alfabetizaci\u00f3n del Adulto Mayor (PAM) del Ministerio de Educaci\u00f3n atiende a los adultos mayores en los c\u00edrculos de aprendizaje de los Centros de Educaci\u00f3n B\u00e1sica Alternativa (CEBA), ubicados en distritos urbanos y rurales de diversas regiones del pa\u00eds, brindando nuevas oportunidades para su desarrollo personal y social.<\/p>\n<p>&nbsp;<\/p>\n<p>[\/et_pb_text][\/et_pb_column][\/et_pb_row][\/et_pb_section]<\/p>\n","protected":false},"excerpt":{"rendered":"<p>En un ambiente de entusiasmo y gran emoci\u00f3n por los logros alcanzados, se llev\u00f3 a cabo la clausura del periodo 2024-2 del Programa de Alfabetizaci\u00f3n del Adulto Mayor (PAM) en [&hellip;]<\/p>\n","protected":false},"author":1,"featured_media":258218,"comment_status":"open","ping_status":"open","sticky":false,"template":"","format":"standard","meta":{"_et_pb_use_builder":"on","_et_pb_old_content":"","_et_gb_content_width":"1080","footnotes":""},"categories":[10],"tags":[],"class_list":["post-258217","post","type-post","status-publish","format-standard","has-post-thumbnail","hentry","category-noticias"],"_links":{"self":[{"href":"https:\/\/ugel04.gob.pe\/home\/wp-json\/wp\/v2\/posts\/258217","targetHints":{"allow":["GET"]}}],"collection":[{"href":"https:\/\/ugel04.gob.pe\/home\/wp-json\/wp\/v2\/posts"}],"about":[{"href":"https:\/\/ugel04.gob.pe\/home\/wp-json\/wp\/v2\/types\/post"}],"author":[{"embeddable":true,"href":"https:\/\/ugel04.gob.pe\/home\/wp-json\/wp\/v2\/users\/1"}],"replies":[{"embeddable":true,"href":"https:\/\/ugel04.gob.pe\/home\/wp-json\/wp\/v2\/comments?post=258217"}],"version-history":[{"count":2,"href":"https:\/\/ugel04.gob.pe\/home\/wp-json\/wp\/v2\/posts\/258217\/revisions"}],"predecessor-version":[{"id":258220,"href":"https:\/\/ugel04.gob.pe\/home\/wp-json\/wp\/v2\/posts\/258217\/revisions\/258220"}],"wp:featuredmedia":[{"embeddable":true,"href":"https:\/\/ugel04.gob.pe\/home\/wp-json\/wp\/v2\/media\/258218"}],"wp:attachment":[{"href":"https:\/\/ugel04.gob.pe\/home\/wp-json\/wp\/v2\/media?parent=258217"}],"wp:term":[{"taxonomy":"category","embeddable":true,"href":"https:\/\/ugel04.gob.pe\/home\/wp-json\/wp\/v2\/categories?post=258217"},{"taxonomy":"post_tag","embeddable":true,"href":"https:\/\/ugel04.gob.pe\/home\/wp-json\/wp\/v2\/tags?post=258217"}],"curies":[{"name":"wp","href":"https:\/\/api.w.org\/{rel}","templated":true}]}}