{"id":258208,"date":"2024-12-20T06:30:00","date_gmt":"2024-12-20T11:30:00","guid":{"rendered":"https:\/\/ugel04.gob.pe\/home\/?p=258208"},"modified":"2024-12-19T18:34:27","modified_gmt":"2024-12-19T23:34:27","slug":"en-emotiva-ceremonia-egresados-de-cetpro-juana-cuadros-reciben-titulos-de-tecnico-y-auxiliar-tecnico","status":"publish","type":"post","link":"https:\/\/ugel04.gob.pe\/home\/en-emotiva-ceremonia-egresados-de-cetpro-juana-cuadros-reciben-titulos-de-tecnico-y-auxiliar-tecnico\/","title":{"rendered":"EN EMOTIVA CEREMONIA, EGRESADOS DE CETPRO JUANA CUADROS RECIBEN T\u00cdTULOS DE T\u00c9CNICO Y AUXILIAR T\u00c9CNICO"},"content":{"rendered":"\n[et_pb_section fb_built=\u00bb1&#8243; theme_builder_area=\u00bbpost_content\u00bb _builder_version=\u00bb4.27.4&#8243; _module_preset=\u00bbdefault\u00bb da_is_popup=\u00bboff\u00bb da_exit_intent=\u00bboff\u00bb da_has_close=\u00bbon\u00bb da_alt_close=\u00bboff\u00bb da_dark_close=\u00bboff\u00bb da_not_modal=\u00bbon\u00bb da_is_singular=\u00bboff\u00bb da_with_loader=\u00bboff\u00bb da_has_shadow=\u00bbon\u00bb da_disable_devices=\u00bboff|off|off\u00bb][et_pb_row _builder_version=\u00bb4.27.4&#8243; _module_preset=\u00bbdefault\u00bb theme_builder_area=\u00bbpost_content\u00bb][et_pb_column _builder_version=\u00bb4.27.4&#8243; _module_preset=\u00bbdefault\u00bb type=\u00bb4_4&#8243; theme_builder_area=\u00bbpost_content\u00bb][et_pb_text _builder_version=\u00bb4.27.4&#8243; _module_preset=\u00bbdefault\u00bb theme_builder_area=\u00bbpost_content\u00bb hover_enabled=\u00bb0&#8243; sticky_enabled=\u00bb0&#8243;]<p>En una emotiva ceremonia de graduaci\u00f3n realizada en su sede central, 170 estudiantes del Cetpro Juana Iris Cuadros Rivera de Puente Piedra recibieron de manos de la directora de la UGEL 04, Nelly Cunza, el diploma que los acredita como Auxiliar T\u00e9cnico y T\u00e9cnico, tras concluir de forma exitosa su instrucci\u00f3n en las diversas carreras que ofrece esta casa de estudios.<\/p>\n<p>Durante el evento, la titular de nuestra entidad expres\u00f3 su satisfacci\u00f3n ante el logro alcanzado por los estudiantes y por la calidad educativa del Cetpro Juana Cuadros, \u201che venido a felicitar y aplaudir a cada uno de ustedes, por su ejemplo de perseverancia, disciplina y ganas de seguir mejorando para ser autosuficientes. Son la mayor muestra del alto nivel de esta instituci\u00f3n educativa que hoy se ha convertido en un referente a nivel nacional. Deseo lo mejor en su camino laboral y\/o emprendimiento\u201d, sentenci\u00f3.<\/p>\n<p>A su turno, el director del Cetpro, Veato Arias, agradeci\u00f3 el aporte de la UGEL 04 a los Cetpro, mediante el acompa\u00f1amiento permanente de sus especialistas, destacando el diplomado gratuito brindado a los docentes y directivos de esta modalidad educativa en el presente a\u00f1o,el cual contribuir\u00e1 al fortalecimiento de sus capacidades.<\/p>\n<p>Asimismo, revel\u00f3 que gracias al apoyo de las empresas aliadas con las que cuenta el Cetpro Juana Cuadros, los egresados tienen empleo asegurado, \u201cempresas como COFACO y Per\u00fa Fashi\u00f3n se han comprometido en brindar puestos laborales a la mayor\u00eda de nuestros estudiantes. Adem\u00e1s, varios de los que reciben hoy sus certificados ya iniciaron o iniciar\u00e1n sus emprendimientos para ser auto sostenibles y contribuir al desarrollo de nuestro pa\u00eds. Eso es un logro del cual debemos sentirnos orgullosos\u201d, concluy\u00f3 Veato Arias.<\/p>\n<p>A su turno, la estudiante Nayelli Llanos, en representaci\u00f3n de sus compa\u00f1eros graduados agradeci\u00f3 a los docentes y directivos del Cetpro Juan Cuadros, por brindarles las herramientas y conocimientos que les permitir\u00e1n mejorar sus condiciones econ\u00f3micas y sociales. Asimismo, felicit\u00f3 a sus colegas por el esfuerzo realizado, al superar dificultades econ\u00f3micas y personales para lograr la culminaci\u00f3n de sus carreras t\u00e9cnicas.<\/p>\n<p>Cabe se\u00f1alar la presencia del jefe de AGEBATP Roberto Zevallos, quien comparti\u00f3 la emoci\u00f3n de los graduados y junto a los directivos presentes coadyuvo con la entrega de los diplomas oficiales, ante la algarab\u00eda de cientos de familiares de los graduados presentes.<\/p>\n<p>Cabe destacar que, en esta oportunidad se entregaron los t\u00edtulos t\u00e9cnicos a 170 alumnos que concluyeron satisfactoriamente dos a\u00f1os de estudio, y 36 t\u00edtulos de auxiliar t\u00e9cnico, a aquellos que concluyeron un a\u00f1o de formaci\u00f3n acad\u00e9mica.<\/p>[\/et_pb_text][\/et_pb_column][\/et_pb_row][\/et_pb_section]\n","protected":false},"excerpt":{"rendered":"<p>En una emotiva ceremonia de graduaci\u00f3n realizada en su sede central, 170 estudiantes del Cetpro Juana Iris Cuadros Rivera de Puente Piedra recibieron de manos de la directora de la [&hellip;]<\/p>\n","protected":false},"author":1,"featured_media":258209,"comment_status":"open","ping_status":"open","sticky":false,"template":"","format":"standard","meta":{"_et_pb_use_builder":"on","_et_pb_old_content":"","_et_gb_content_width":"1080","footnotes":""},"categories":[10],"tags":[],"class_list":["post-258208","post","type-post","status-publish","format-standard","has-post-thumbnail","hentry","category-noticias"],"_links":{"self":[{"href":"https:\/\/ugel04.gob.pe\/home\/wp-json\/wp\/v2\/posts\/258208","targetHints":{"allow":["GET"]}}],"collection":[{"href":"https:\/\/ugel04.gob.pe\/home\/wp-json\/wp\/v2\/posts"}],"about":[{"href":"https:\/\/ugel04.gob.pe\/home\/wp-json\/wp\/v2\/types\/post"}],"author":[{"embeddable":true,"href":"https:\/\/ugel04.gob.pe\/home\/wp-json\/wp\/v2\/users\/1"}],"replies":[{"embeddable":true,"href":"https:\/\/ugel04.gob.pe\/home\/wp-json\/wp\/v2\/comments?post=258208"}],"version-history":[{"count":3,"href":"https:\/\/ugel04.gob.pe\/home\/wp-json\/wp\/v2\/posts\/258208\/revisions"}],"predecessor-version":[{"id":258212,"href":"https:\/\/ugel04.gob.pe\/home\/wp-json\/wp\/v2\/posts\/258208\/revisions\/258212"}],"wp:featuredmedia":[{"embeddable":true,"href":"https:\/\/ugel04.gob.pe\/home\/wp-json\/wp\/v2\/media\/258209"}],"wp:attachment":[{"href":"https:\/\/ugel04.gob.pe\/home\/wp-json\/wp\/v2\/media?parent=258208"}],"wp:term":[{"taxonomy":"category","embeddable":true,"href":"https:\/\/ugel04.gob.pe\/home\/wp-json\/wp\/v2\/categories?post=258208"},{"taxonomy":"post_tag","embeddable":true,"href":"https:\/\/ugel04.gob.pe\/home\/wp-json\/wp\/v2\/tags?post=258208"}],"curies":[{"name":"wp","href":"https:\/\/api.w.org\/{rel}","templated":true}]}}