{"id":258203,"date":"2024-12-19T17:17:34","date_gmt":"2024-12-19T22:17:34","guid":{"rendered":"https:\/\/ugel04.gob.pe\/home\/?p=258203"},"modified":"2024-12-19T18:24:02","modified_gmt":"2024-12-19T23:24:02","slug":"escuelas-focalizadas-presentan-balance-de-programa-sobre-prevencion-de-violencia-sexual-y-desarrollo-de-habilidades-socioemocionales","status":"publish","type":"post","link":"https:\/\/ugel04.gob.pe\/home\/escuelas-focalizadas-presentan-balance-de-programa-sobre-prevencion-de-violencia-sexual-y-desarrollo-de-habilidades-socioemocionales\/","title":{"rendered":"ESCUELAS FOCALIZADAS PRESENTAN BALANCE DE PROGRAMA SOBRE PREVENCI\u00d3N DE VIOLENCIA SEXUAL Y DESARROLLO DE HABILIDADES SOCIOEMOCIONALES"},"content":{"rendered":"\n[et_pb_section fb_built=\u00bb1&#8243; theme_builder_area=\u00bbpost_content\u00bb _builder_version=\u00bb4.27.4&#8243; _module_preset=\u00bbdefault\u00bb da_is_popup=\u00bboff\u00bb da_exit_intent=\u00bboff\u00bb da_has_close=\u00bbon\u00bb da_alt_close=\u00bboff\u00bb da_dark_close=\u00bboff\u00bb da_not_modal=\u00bbon\u00bb da_is_singular=\u00bboff\u00bb da_with_loader=\u00bboff\u00bb da_has_shadow=\u00bbon\u00bb da_disable_devices=\u00bboff|off|off\u00bb][et_pb_row _builder_version=\u00bb4.27.4&#8243; _module_preset=\u00bbdefault\u00bb theme_builder_area=\u00bbpost_content\u00bb][et_pb_column _builder_version=\u00bb4.27.4&#8243; _module_preset=\u00bbdefault\u00bb type=\u00bb4_4&#8243; theme_builder_area=\u00bbpost_content\u00bb][et_pb_text _builder_version=\u00bb4.27.4&#8243; _module_preset=\u00bbdefault\u00bb theme_builder_area=\u00bbpost_content\u00bb hover_enabled=\u00bb0&#8243; sticky_enabled=\u00bb0&#8243;]<p>En el marco del cierre del Programa Presupuestal 1002, enfocado en el desarrollo de habilidades socioemocionales y la prevenci\u00f3n de la violencia sexual en ni\u00f1os y ni\u00f1as de nivel primario, diez instituciones educativas focalizadas participaron en una reuni\u00f3n de balance, en la que compartieron sus logros, dificultades enfrentadas y compromisos asumidos para continuar con las acciones preventivas y educativas durante el pr\u00f3ximo a\u00f1o escolar.<\/p>\n<p>En este contexto, debemos destacar que el programa logr\u00f3 avances significativos en dos \u00e1reas clave:<\/p>\n<ol>\n<li>Desarrollo de habilidades socioemocionales. &#8211; Donde la mayor\u00eda de los directores y docentes implementaron con \u00e9xito planes de aula y sesiones centradas en mejorar estas habilidades, especialmente en los grados 5to y 6to de primaria. Gracias a estos talleres, los estudiantes han logrado una mayor capacidad para regular sus emociones y manejar situaciones dif\u00edciles.<\/li>\n<li>Prevenci\u00f3n de la violencia sexual. &#8211; Se llevaron a cabo seis sesiones educativas dirigidas a sensibilizar a los estudiantes sobre la importancia de la seguridad personal; estas sesiones, contaron con la participaci\u00f3n activa de los padres de familia, fortaleciendo el compromiso comunitario en la prevenci\u00f3n de la problem\u00e1tica.<\/li>\n<\/ol>\n<p>A lo largo de la ejecuci\u00f3n del programa, tambi\u00e9n se realiz\u00f3 una evaluaci\u00f3n diagn\u00f3stica y de salida que permitieron medir los impactos en el bienestar emocional de los estudiantes; los resultados indicaron que los ni\u00f1os y ni\u00f1as que participaron en las 15 sesiones del programa de habilidades socioemocionales mostraron mejoras notables en su bienestar.<\/p>\n<p>Es preciso se\u00f1alar que, durante la implementaci\u00f3n del programa tambi\u00e9n se enfrentaron diversas dificultades, como el inicio tard\u00edo del programa en junio; factor que, junto con los feriados y d\u00edas no lectivos, afect\u00f3 la continuidad de las actividades y limit\u00f3 la planificaci\u00f3n.<\/p>\n<p>Durante la presentaci\u00f3n de balances, los docentes y directores expresaron la necesidad de que el acompa\u00f1amiento especializado de las psic\u00f3logas del Programa 1002 de la UGEL 04, sea m\u00e1s constante y prolongada, lo que permitir\u00eda un mejor seguimiento de la implementaci\u00f3n de las estrategias educativas.<\/p>\n<p>Este balance de cierre refleja el compromiso de todos los involucrados en la protecci\u00f3n y el desarrollo integral de los estudiantes, con el firme prop\u00f3sito de seguir trabajando por una educaci\u00f3n m\u00e1s inclusiva y segura para todos.<\/p>\n<p>El evento desarrollado en la I.E. Luis Braille, cont\u00f3 con la presencia del especialista en educaci\u00f3n de AGEBRE, Javier Sol\u00eds y la futura encargada del programa para el a\u00f1o 2025, Luz Garc\u00eda, quienes felicitaron a los presentes por su compromiso, asegurando que se continuar\u00e1 trabajando para fortalecer las acciones en el siguiente ciclo escolar.<\/p>[\/et_pb_text][\/et_pb_column][\/et_pb_row][\/et_pb_section]\n","protected":false},"excerpt":{"rendered":"<p>En el marco del cierre del Programa Presupuestal 1002, enfocado en el desarrollo de habilidades socioemocionales y la prevenci\u00f3n de la violencia sexual en ni\u00f1os y ni\u00f1as de nivel primario, [&hellip;]<\/p>\n","protected":false},"author":1,"featured_media":258204,"comment_status":"open","ping_status":"open","sticky":false,"template":"","format":"standard","meta":{"_et_pb_use_builder":"on","_et_pb_old_content":"","_et_gb_content_width":"1080","footnotes":""},"categories":[10],"tags":[],"class_list":["post-258203","post","type-post","status-publish","format-standard","has-post-thumbnail","hentry","category-noticias"],"_links":{"self":[{"href":"https:\/\/ugel04.gob.pe\/home\/wp-json\/wp\/v2\/posts\/258203","targetHints":{"allow":["GET"]}}],"collection":[{"href":"https:\/\/ugel04.gob.pe\/home\/wp-json\/wp\/v2\/posts"}],"about":[{"href":"https:\/\/ugel04.gob.pe\/home\/wp-json\/wp\/v2\/types\/post"}],"author":[{"embeddable":true,"href":"https:\/\/ugel04.gob.pe\/home\/wp-json\/wp\/v2\/users\/1"}],"replies":[{"embeddable":true,"href":"https:\/\/ugel04.gob.pe\/home\/wp-json\/wp\/v2\/comments?post=258203"}],"version-history":[{"count":3,"href":"https:\/\/ugel04.gob.pe\/home\/wp-json\/wp\/v2\/posts\/258203\/revisions"}],"predecessor-version":[{"id":258207,"href":"https:\/\/ugel04.gob.pe\/home\/wp-json\/wp\/v2\/posts\/258203\/revisions\/258207"}],"wp:featuredmedia":[{"embeddable":true,"href":"https:\/\/ugel04.gob.pe\/home\/wp-json\/wp\/v2\/media\/258204"}],"wp:attachment":[{"href":"https:\/\/ugel04.gob.pe\/home\/wp-json\/wp\/v2\/media?parent=258203"}],"wp:term":[{"taxonomy":"category","embeddable":true,"href":"https:\/\/ugel04.gob.pe\/home\/wp-json\/wp\/v2\/categories?post=258203"},{"taxonomy":"post_tag","embeddable":true,"href":"https:\/\/ugel04.gob.pe\/home\/wp-json\/wp\/v2\/tags?post=258203"}],"curies":[{"name":"wp","href":"https:\/\/api.w.org\/{rel}","templated":true}]}}