{"id":258200,"date":"2024-12-19T16:24:57","date_gmt":"2024-12-19T21:24:57","guid":{"rendered":"https:\/\/ugel04.gob.pe\/home\/?p=258200"},"modified":"2024-12-19T16:25:05","modified_gmt":"2024-12-19T21:25:05","slug":"ii-ee-de-ugel-04-realizan-intercambio-de-experiencias-exitosas-en-gestion-de-practica-pedagogica","status":"publish","type":"post","link":"https:\/\/ugel04.gob.pe\/home\/ii-ee-de-ugel-04-realizan-intercambio-de-experiencias-exitosas-en-gestion-de-practica-pedagogica\/","title":{"rendered":"II.EE. DE UGEL 04 REALIZAN INTERCAMBIO DE EXPERIENCIAS EXITOSAS EN GESTI\u00d3N DE PR\u00c1CTICA PEDAG\u00d3GICA"},"content":{"rendered":"<p>[et_pb_section fb_built=\u00bb1&#8243; theme_builder_area=\u00bbpost_content\u00bb _builder_version=\u00bb4.27.4&#8243; _module_preset=\u00bbdefault\u00bb da_is_popup=\u00bboff\u00bb da_exit_intent=\u00bboff\u00bb da_has_close=\u00bbon\u00bb da_alt_close=\u00bboff\u00bb da_dark_close=\u00bboff\u00bb da_not_modal=\u00bbon\u00bb da_is_singular=\u00bboff\u00bb da_with_loader=\u00bboff\u00bb da_has_shadow=\u00bbon\u00bb da_disable_devices=\u00bboff|off|off\u00bb][et_pb_row _builder_version=\u00bb4.27.4&#8243; _module_preset=\u00bbdefault\u00bb theme_builder_area=\u00bbpost_content\u00bb][et_pb_column _builder_version=\u00bb4.27.4&#8243; _module_preset=\u00bbdefault\u00bb type=\u00bb4_4&#8243; theme_builder_area=\u00bbpost_content\u00bb][et_pb_text _builder_version=\u00bb4.27.4&#8243; _module_preset=\u00bbdefault\u00bb theme_builder_area=\u00bbpost_content\u00bb hover_enabled=\u00bb0&#8243; sticky_enabled=\u00bb0&#8243;]<\/p>\n<p>Con el objetivo de fortalecer las competencias pedag\u00f3gicas de los docentes a trav\u00e9s del trabajo colaborativo y la reflexi\u00f3n sobre sus pr\u00e1cticas educativas, la UGEL 04 organiz\u00f3 un importante intercambio de experiencias sobre la implementaci\u00f3n del Ciclo de Formaci\u00f3n Interna (CFI) 2024, con la participaci\u00f3n de profesores y directivos de la IE. 2064 Rep\u00fablica Federal de Alemania de Puente Piedra, IE. 8168 Los \u00c1ngeles de Naranjal de Carabayllo y la IE. Carlos Guti\u00e9rrez Merino de Anc\u00f3n del nivel secundaria.<\/p>\n<p>El CFI fomenta el trabajo colaborativo y la toma de decisiones colegiada, promoviendo una educaci\u00f3n inclusiva y de calidad.<\/p>\n<p>Durante la jornada, los docentes compartieron los aprendizajes y retos en la mejora de su pr\u00e1ctica pedag\u00f3gica, teniendo como uno de los aspectos m\u00e1s innovadores del programa, la posibilidad de que puedan observar las clases de sus colegas, aplicando estrategias pedag\u00f3gicas a trav\u00e9s de una r\u00fabrica.<\/p>\n<p>Este enfoque no se limita a compartir experiencias dentro de la misma \u00e1rea disciplinaria, sino que permite a los maestros intercambiar pr\u00e1cticas efectivas de diferentes asignaturas, promoviendo una visi\u00f3n m\u00e1s amplia y enriquecedora del proceso de ense\u00f1anza.<\/p>\n<p>Cabe destacar, la participaci\u00f3n activa de los especialistas de la AGEBRE de la UGEL 04, liderados por la directora Nelly Cunza Pr\u00edncipe y el jefe Johnny Ventura Villa, quienes ofrecieron palabras de felicitaci\u00f3n, retroalimentaci\u00f3n y asesoramiento t\u00e9cnico a los presentes.<\/p>\n<p>Debemos recordar que, el CFI tiene como prop\u00f3sito mejorar la pr\u00e1ctica pedag\u00f3gica de manera sistem\u00e1tica, promoviendo el desarrollo de competencias profesionales y el fortalecimiento del liderazgo pedag\u00f3gico. El ciclo est\u00e1 orientado a la mejora continua de los aprendizajes de los estudiantes a trav\u00e9s del trabajo conjunto entre docentes y directivos.<\/p>\n<p>A trav\u00e9s de este proceso, los docentes tienen la oportunidad de replantear sus estrategias pedag\u00f3gicas, compartir experiencias y crecer profesionalmente, contribuyendo as\u00ed al desarrollo de una comunidad educativa que trabaja en conjunto para lograr los objetivos educativos establecidos.<\/p>\n<p>&nbsp;<\/p>\n<p>[\/et_pb_text][\/et_pb_column][\/et_pb_row][\/et_pb_section]<\/p>\n","protected":false},"excerpt":{"rendered":"<p>Con el objetivo de fortalecer las competencias pedag\u00f3gicas de los docentes a trav\u00e9s del trabajo colaborativo y la reflexi\u00f3n sobre sus pr\u00e1cticas educativas, la UGEL 04 organiz\u00f3 un importante intercambio [&hellip;]<\/p>\n","protected":false},"author":1,"featured_media":258199,"comment_status":"open","ping_status":"open","sticky":false,"template":"","format":"standard","meta":{"_et_pb_use_builder":"on","_et_pb_old_content":"","_et_gb_content_width":"1080","footnotes":""},"categories":[10],"tags":[],"class_list":["post-258200","post","type-post","status-publish","format-standard","has-post-thumbnail","hentry","category-noticias"],"_links":{"self":[{"href":"https:\/\/ugel04.gob.pe\/home\/wp-json\/wp\/v2\/posts\/258200","targetHints":{"allow":["GET"]}}],"collection":[{"href":"https:\/\/ugel04.gob.pe\/home\/wp-json\/wp\/v2\/posts"}],"about":[{"href":"https:\/\/ugel04.gob.pe\/home\/wp-json\/wp\/v2\/types\/post"}],"author":[{"embeddable":true,"href":"https:\/\/ugel04.gob.pe\/home\/wp-json\/wp\/v2\/users\/1"}],"replies":[{"embeddable":true,"href":"https:\/\/ugel04.gob.pe\/home\/wp-json\/wp\/v2\/comments?post=258200"}],"version-history":[{"count":2,"href":"https:\/\/ugel04.gob.pe\/home\/wp-json\/wp\/v2\/posts\/258200\/revisions"}],"predecessor-version":[{"id":258202,"href":"https:\/\/ugel04.gob.pe\/home\/wp-json\/wp\/v2\/posts\/258200\/revisions\/258202"}],"wp:featuredmedia":[{"embeddable":true,"href":"https:\/\/ugel04.gob.pe\/home\/wp-json\/wp\/v2\/media\/258199"}],"wp:attachment":[{"href":"https:\/\/ugel04.gob.pe\/home\/wp-json\/wp\/v2\/media?parent=258200"}],"wp:term":[{"taxonomy":"category","embeddable":true,"href":"https:\/\/ugel04.gob.pe\/home\/wp-json\/wp\/v2\/categories?post=258200"},{"taxonomy":"post_tag","embeddable":true,"href":"https:\/\/ugel04.gob.pe\/home\/wp-json\/wp\/v2\/tags?post=258200"}],"curies":[{"name":"wp","href":"https:\/\/api.w.org\/{rel}","templated":true}]}}