{"id":258134,"date":"2024-12-13T15:57:19","date_gmt":"2024-12-13T20:57:19","guid":{"rendered":"https:\/\/ugel04.gob.pe\/home\/?p=258134"},"modified":"2025-02-21T16:19:56","modified_gmt":"2025-02-21T21:19:56","slug":"proceso-regular-de-matricula-escolar-2025","status":"publish","type":"post","link":"https:\/\/ugel04.gob.pe\/home\/proceso-regular-de-matricula-escolar-2025\/","title":{"rendered":"PROCESO REGULAR DE MATR\u00cdCULA ESCOLAR 2025"},"content":{"rendered":"\n[et_pb_section fb_built=\u00bb1&#8243; theme_builder_area=\u00bbpost_content\u00bb _builder_version=\u00bb4.27.4&#8243; _module_preset=\u00bbdefault\u00bb da_is_popup=\u00bboff\u00bb da_exit_intent=\u00bboff\u00bb da_has_close=\u00bbon\u00bb da_alt_close=\u00bboff\u00bb da_dark_close=\u00bboff\u00bb da_not_modal=\u00bbon\u00bb da_is_singular=\u00bboff\u00bb da_with_loader=\u00bboff\u00bb da_has_shadow=\u00bbon\u00bb da_disable_devices=\u00bboff|off|off\u00bb][et_pb_row _builder_version=\u00bb4.27.4&#8243; _module_preset=\u00bbdefault\u00bb theme_builder_area=\u00bbpost_content\u00bb][et_pb_column _builder_version=\u00bb4.27.4&#8243; _module_preset=\u00bbdefault\u00bb type=\u00bb4_4&#8243; theme_builder_area=\u00bbpost_content\u00bb][et_pb_text _builder_version=\u00bb4.27.4&#8243; _module_preset=\u00bbdefault\u00bb theme_builder_area=\u00bbpost_content\u00bb hover_enabled=\u00bb0&#8243; sticky_enabled=\u00bb0&#8243;]<p>Con la finalidad de mantener informado y aclarar algunas dudas en la comunidad educativa, damos a conocer a detalle, el cronograma del proceso regular de matr\u00edcula escolar para el a\u00f1o 2025, el mismo que comienza el pr\u00f3ximo lunes 16 de diciembre y contin\u00faa hasta el inicio del periodo lectivo.<\/p>\n<p>1er paso: <strong>PRESENTACI\u00d3N DE SOLICITUDES<\/strong>. &#8211; Del 16 de diciembre del 2024 al 3 de enero del 2025, los padres de familia y\/o apoderados deben presentar sus solicitudes de vacante de manera virtual en el colegio de su preferencia, a trav\u00e9s del siguiente link: <a href=\"https:\/\/matriculalima.drelm.gob.pe\/\">https:\/\/matriculalima.drelm.gob.pe\/<\/a> Solo en caso excepcional, este tr\u00e1mite podr\u00e1 hacerse de manera presencial, a fin de evitar las aglomeraciones \u00a0en las Instituciones Educativas.<\/p>\n<p>Cabe resaltar que, la recepci\u00f3n de las solicitudes de vacantes no significa a\u00fan que \u00e9l o la estudiante ya se encuentre matriculado(a).<\/p>\n<p>2do paso: <strong>REVISI\u00d3N DE SOLICITUDES<\/strong>. \u2013 Del 6 al 17 de enero del 2025, el director de la Instituci\u00f3n Educativa revisar\u00e1 de manera exhaustiva todas las solicitudes de vacantes presentadas, considerando los criterios de prioridad seg\u00fan las normas establecidas por el Minedu.<\/p>\n<p>3er paso: <strong>ASIGNACI\u00d3N DE VACANTES<\/strong>. \u2013 Del 20 al 28 de enero del 2025, el director de la Instituci\u00f3n Educativa asignar\u00e1 las vacantes seg\u00fan la disponibilidad correspondiente, publicando en la puerta del plantel la lista de estudiantes aceptados por nivel, grado y secci\u00f3n. Asimismo, se informar\u00e1 por correo electr\u00f3nico a los padres y\/o tutores, cuyo hijo (a) no alcanz\u00f3 la vacante respectiva.<\/p>\n<p>4to paso: <strong>REGISTRO EN EL SIAGIE<\/strong>. \u2013 Del 29 de enero al 12 de febrero del 2025, el director de la IE registrar\u00e1 en el Sistema de Informaci\u00f3n de Apoyo a la Gesti\u00f3n de la Instituci\u00f3n Educativa (SIAGIE) los datos de los estudiantes matriculados por nivel, grado y secci\u00f3n.<\/p>\n<p>5to paso: <strong>ENTREGA DE DOCUMENTOS<\/strong>. \u2013 Del 13 al 28 de febrero del 2025, el director entregar\u00e1 al padre, madre o apoderado, la ficha de matr\u00edcula del estudiante que obtuvo la vacante, concluyendo de esta manera el proceso regular correspondiente al a\u00f1o lectivo 2025.<\/p>\n<p><strong>A tomar en cuenta<\/strong><\/p>\n<p>Es importante se\u00f1alar que, el presente proceso de matr\u00edcula escolar 2025, solo aplica para aquellos estudiantes nuevos que se cambian de Instituci\u00f3n Educativa; para los estudiantes antiguos la continuidad de su matr\u00edcula se realiza en su misma IE.<\/p>\n<p>\u00a1La matr\u00edcula en las escuelas p\u00fablicas es gratuita y sin condicionamientos!<\/p>\n<p>\u00a1Realiza a tiempo el proceso de matr\u00edcula de tus hijos o menores a cargo, seg\u00fan el cronograma descrito! Pasa la voz\u2026<\/p>\n<p>&nbsp;<\/p>[\/et_pb_text][\/et_pb_column][\/et_pb_row][\/et_pb_section]\n","protected":false},"excerpt":{"rendered":"<p>Con la finalidad de mantener informado y aclarar algunas dudas en la comunidad educativa, damos a conocer a detalle, el cronograma del proceso regular de matr\u00edcula escolar para el a\u00f1o [&hellip;]<\/p>\n","protected":false},"author":1,"featured_media":258135,"comment_status":"closed","ping_status":"open","sticky":false,"template":"","format":"standard","meta":{"_et_pb_use_builder":"on","_et_pb_old_content":"","_et_gb_content_width":"1080","footnotes":""},"categories":[10],"tags":[],"class_list":["post-258134","post","type-post","status-publish","format-standard","has-post-thumbnail","hentry","category-noticias"],"_links":{"self":[{"href":"https:\/\/ugel04.gob.pe\/home\/wp-json\/wp\/v2\/posts\/258134","targetHints":{"allow":["GET"]}}],"collection":[{"href":"https:\/\/ugel04.gob.pe\/home\/wp-json\/wp\/v2\/posts"}],"about":[{"href":"https:\/\/ugel04.gob.pe\/home\/wp-json\/wp\/v2\/types\/post"}],"author":[{"embeddable":true,"href":"https:\/\/ugel04.gob.pe\/home\/wp-json\/wp\/v2\/users\/1"}],"replies":[{"embeddable":true,"href":"https:\/\/ugel04.gob.pe\/home\/wp-json\/wp\/v2\/comments?post=258134"}],"version-history":[{"count":3,"href":"https:\/\/ugel04.gob.pe\/home\/wp-json\/wp\/v2\/posts\/258134\/revisions"}],"predecessor-version":[{"id":258140,"href":"https:\/\/ugel04.gob.pe\/home\/wp-json\/wp\/v2\/posts\/258134\/revisions\/258140"}],"wp:featuredmedia":[{"embeddable":true,"href":"https:\/\/ugel04.gob.pe\/home\/wp-json\/wp\/v2\/media\/258135"}],"wp:attachment":[{"href":"https:\/\/ugel04.gob.pe\/home\/wp-json\/wp\/v2\/media?parent=258134"}],"wp:term":[{"taxonomy":"category","embeddable":true,"href":"https:\/\/ugel04.gob.pe\/home\/wp-json\/wp\/v2\/categories?post=258134"},{"taxonomy":"post_tag","embeddable":true,"href":"https:\/\/ugel04.gob.pe\/home\/wp-json\/wp\/v2\/tags?post=258134"}],"curies":[{"name":"wp","href":"https:\/\/api.w.org\/{rel}","templated":true}]}}