{"id":258090,"date":"2024-12-05T17:29:36","date_gmt":"2024-12-05T22:29:36","guid":{"rendered":"https:\/\/ugel04.gob.pe\/home\/?p=258090"},"modified":"2024-12-05T17:29:42","modified_gmt":"2024-12-05T22:29:42","slug":"docentes-de-rei-19-culminan-capacitacion-en-educacion-inclusiva-asumiendo-compromiso-por-la-diversidad","status":"publish","type":"post","link":"https:\/\/ugel04.gob.pe\/home\/docentes-de-rei-19-culminan-capacitacion-en-educacion-inclusiva-asumiendo-compromiso-por-la-diversidad\/","title":{"rendered":"DOCENTES DE REI 19 CULMINAN CAPACITACI\u00d3N EN EDUCACI\u00d3N INCLUSIVA ASUMIENDO COMPROMISO POR LA DIVERSIDAD"},"content":{"rendered":"<p>[et_pb_section fb_built=\u00bb1&#8243; theme_builder_area=\u00bbpost_content\u00bb _builder_version=\u00bb4.27.4&#8243; _module_preset=\u00bbdefault\u00bb da_is_popup=\u00bboff\u00bb da_exit_intent=\u00bboff\u00bb da_has_close=\u00bbon\u00bb da_alt_close=\u00bboff\u00bb da_dark_close=\u00bboff\u00bb da_not_modal=\u00bbon\u00bb da_is_singular=\u00bboff\u00bb da_with_loader=\u00bboff\u00bb da_has_shadow=\u00bbon\u00bb da_disable_devices=\u00bboff|off|off\u00bb][et_pb_row _builder_version=\u00bb4.27.4&#8243; _module_preset=\u00bbdefault\u00bb theme_builder_area=\u00bbpost_content\u00bb][et_pb_column _builder_version=\u00bb4.27.4&#8243; _module_preset=\u00bbdefault\u00bb type=\u00bb4_4&#8243; theme_builder_area=\u00bbpost_content\u00bb][et_pb_text _builder_version=\u00bb4.27.4&#8243; _module_preset=\u00bbdefault\u00bb theme_builder_area=\u00bbpost_content\u00bb hover_enabled=\u00bb0&#8243; sticky_enabled=\u00bb0&#8243;]<\/p>\n<p>En un ambiente de alegr\u00eda por los objetivos cumplidos, se llev\u00f3 a cabo la clausura de la capacitaci\u00f3n de los docentes responsables de inclusi\u00f3n educativa, pertenecientes a la Red Educativa Institucional (REI) N\u00b0 19, un proceso iniciado en mayo, impulsado por la coordinadora de la red Mg. Teresa Saavedra y dirigido por el equipo SAANEE del CEBE \u00abLos Vi\u00f1edos\u00bb.<\/p>\n<p>Las jornadas de capacitaci\u00f3n tuvieron como objetivo fortalecer las habilidades de los docentes para promover una educaci\u00f3n inclusiva de calidad, constituy\u00e9ndose en un ejemplo de compromiso y dedicaci\u00f3n por parte de todos los participantes, quienes acudieron a las sesiones en horario alterno a sus clases, demostrando responsabilidad y un profundo inter\u00e9s por mejorar su labor pedag\u00f3gica.<\/p>\n<p>Durante la ceremonia de clausura, se desarrollaron diversas actividades que resaltaron el esfuerzo conjunto y la importancia de la inclusi\u00f3n, como la interpretaci\u00f3n del Himno Nacional en Lengua de Se\u00f1as, seguido de las palabras del jefe de AGEBRE de la UGEL 04, Mg. Johnny Ventura, quien felicit\u00f3 a los participantes, resaltando la importancia de este tipo de acciones formativas, que fortalecen la inclusi\u00f3n en las aulas y permiten a los maestros ofrecer una educaci\u00f3n m\u00e1s equitativa para todos los estudiantes, sin importar sus diferencias.<\/p>\n<p>Por su parte, la directora del CEBE \u00abLos Vi\u00f1edos\u00bb, Martha Alarc\u00f3n, destac\u00f3 que se capacit\u00f3 a los docentes sobre el Modelo de Dise\u00f1o Universal para el Aprendizaje (DUA) y temas clave de educaci\u00f3n inclusiva, enfatizando el compromiso efectuado por todas las REI para adoptar estas iniciativas y mejorar la educaci\u00f3n. Adem\u00e1s, agradeci\u00f3 el apoyo brindado por su equipo SAANEE, felicitando a los docentes por su esfuerzo y participaci\u00f3n activa.<\/p>\n<p>La actividad culmin\u00f3 con la presentaci\u00f3n de un villancico en Lengua de Se\u00f1as, en un ambiente de alegr\u00eda y camarader\u00eda, destacando el compromiso de la Red 19 con la diversidad y la inclusi\u00f3n.<\/p>\n<p>Este evento es un claro reflejo de c\u00f3mo una comunidad educativa, con voluntad y esfuerzo se compromete con la mejora de la calidad educativa con inclusi\u00f3n y diversidad.\u00a0<\/p>\n<p>\u00a1Brillamos juntos en todos los colores!<\/p>\n<p>[\/et_pb_text][\/et_pb_column][\/et_pb_row][\/et_pb_section]<\/p>\n","protected":false},"excerpt":{"rendered":"<p>En un ambiente de alegr\u00eda por los objetivos cumplidos, se llev\u00f3 a cabo la clausura de la capacitaci\u00f3n de los docentes responsables de inclusi\u00f3n educativa, pertenecientes a la Red Educativa [&hellip;]<\/p>\n","protected":false},"author":1,"featured_media":258091,"comment_status":"open","ping_status":"open","sticky":false,"template":"","format":"standard","meta":{"_et_pb_use_builder":"on","_et_pb_old_content":"","_et_gb_content_width":"1080","footnotes":""},"categories":[10],"tags":[],"class_list":["post-258090","post","type-post","status-publish","format-standard","has-post-thumbnail","hentry","category-noticias"],"_links":{"self":[{"href":"https:\/\/ugel04.gob.pe\/home\/wp-json\/wp\/v2\/posts\/258090","targetHints":{"allow":["GET"]}}],"collection":[{"href":"https:\/\/ugel04.gob.pe\/home\/wp-json\/wp\/v2\/posts"}],"about":[{"href":"https:\/\/ugel04.gob.pe\/home\/wp-json\/wp\/v2\/types\/post"}],"author":[{"embeddable":true,"href":"https:\/\/ugel04.gob.pe\/home\/wp-json\/wp\/v2\/users\/1"}],"replies":[{"embeddable":true,"href":"https:\/\/ugel04.gob.pe\/home\/wp-json\/wp\/v2\/comments?post=258090"}],"version-history":[{"count":2,"href":"https:\/\/ugel04.gob.pe\/home\/wp-json\/wp\/v2\/posts\/258090\/revisions"}],"predecessor-version":[{"id":258093,"href":"https:\/\/ugel04.gob.pe\/home\/wp-json\/wp\/v2\/posts\/258090\/revisions\/258093"}],"wp:featuredmedia":[{"embeddable":true,"href":"https:\/\/ugel04.gob.pe\/home\/wp-json\/wp\/v2\/media\/258091"}],"wp:attachment":[{"href":"https:\/\/ugel04.gob.pe\/home\/wp-json\/wp\/v2\/media?parent=258090"}],"wp:term":[{"taxonomy":"category","embeddable":true,"href":"https:\/\/ugel04.gob.pe\/home\/wp-json\/wp\/v2\/categories?post=258090"},{"taxonomy":"post_tag","embeddable":true,"href":"https:\/\/ugel04.gob.pe\/home\/wp-json\/wp\/v2\/tags?post=258090"}],"curies":[{"name":"wp","href":"https:\/\/api.w.org\/{rel}","templated":true}]}}