{"id":258077,"date":"2024-12-04T11:53:48","date_gmt":"2024-12-04T16:53:48","guid":{"rendered":"https:\/\/ugel04.gob.pe\/home\/?p=258077"},"modified":"2024-12-04T11:53:49","modified_gmt":"2024-12-04T16:53:49","slug":"directores-de-ugel-y-drelm-coordinan-acciones-con-ministerio-del-interior-para-garantizar-entorno-escolar-seguro","status":"publish","type":"post","link":"https:\/\/ugel04.gob.pe\/home\/directores-de-ugel-y-drelm-coordinan-acciones-con-ministerio-del-interior-para-garantizar-entorno-escolar-seguro\/","title":{"rendered":"DIRECTORES DE UGEL Y DRELM COORDINAN ACCIONES CON MINISTERIO DEL INTERIOR PARA GARANTIZAR ENTORNO ESCOLAR SEGURO"},"content":{"rendered":"<p>[et_pb_section fb_built=\u00bb1&#8243; theme_builder_area=\u00bbpost_content\u00bb _builder_version=\u00bb4.27.4&#8243; _module_preset=\u00bbdefault\u00bb da_is_popup=\u00bboff\u00bb da_exit_intent=\u00bboff\u00bb da_has_close=\u00bbon\u00bb da_alt_close=\u00bboff\u00bb da_dark_close=\u00bboff\u00bb da_not_modal=\u00bbon\u00bb da_is_singular=\u00bboff\u00bb da_with_loader=\u00bboff\u00bb da_has_shadow=\u00bbon\u00bb da_disable_devices=\u00bboff|off|off\u00bb][et_pb_row _builder_version=\u00bb4.27.4&#8243; _module_preset=\u00bbdefault\u00bb theme_builder_area=\u00bbpost_content\u00bb][et_pb_column _builder_version=\u00bb4.27.4&#8243; _module_preset=\u00bbdefault\u00bb type=\u00bb4_4&#8243; theme_builder_area=\u00bbpost_content\u00bb][et_pb_text _builder_version=\u00bb4.27.4&#8243; _module_preset=\u00bbdefault\u00bb theme_builder_area=\u00bbpost_content\u00bb hover_enabled=\u00bb0&#8243; sticky_enabled=\u00bb0&#8243;]<\/p>\n<p>Con la finalidad de coordinar acciones que permitan mejorar las estrategias de seguridad en las escuelas y en sus entornos, el director regional de educaci\u00f3n de Lima Metropolitana (DRELM) y los directores de las siete UGEL de nuestra ciudad capital, sostuvieron una importante reuni\u00f3n de trabajo con el viceministro de seguridad p\u00fablica del Ministerio del Interior, Julio D\u00edaz y la viceministra de gesti\u00f3n institucional del Ministerio de educaci\u00f3n Cecilia Garc\u00eda.<\/p>\n<p>Durante la cita, en la que tambi\u00e9n participaron altos mandos de la PNP, se abord\u00f3 \u2013entre otros temas- el fortalecimiento de las Brigadas de Autoprotecci\u00f3n Escolar BAPES, con la participaci\u00f3n directa de la polic\u00eda nacional y las juntas vecinales locales, quienes deben propiciar ambientes \u00f3ptimos para el desarrollo de los aprendizajes, velando por la integridad de los estudiantes, al amparo de la RM N\u00b0 066-2018-MINEDU.<\/p>\n<p>En este contexto, los directores de las UGEL invocaron el apoyo y la vigilancia permanente de parte de la PNP en los alrededores de las escuelas, a fin de prevenir acciones que afecten la tranquilidad de los escolares y sus maestros, principalmente en aquellos lugares donde el \u00edndice de peligro es alto.<\/p>\n<p>La directora de la UGEL 04, Nelly Cunza, inform\u00f3 sobre el trabajo colaborativo que viene desarrollando con los gobiernos locales y las comisar\u00edas de nuestra jurisdicci\u00f3n (6 de Comas, 3 de Carabayllo, 3 de Puente Piedra, 1 de Anc\u00f3n y 1 de Santa Rosa), para identificar los problemas de inseguridad en cada colegio y desarrollar labores que coadyuven a preservar la integridad f\u00edsica y moral de los alumnos.<\/p>\n<p>Finalmente, se estableci\u00f3 el compromiso de realizar una pr\u00f3xima reuni\u00f3n en la que se determinar\u00e1n acciones concretas que permitan reducir los delitos y faltas que afectan a la seguridad ciudadana capitalina, garantizando as\u00ed el buen Inicio del A\u00f1o Escolar 2025.<\/p>\n<p>[\/et_pb_text][\/et_pb_column][\/et_pb_row][\/et_pb_section]<\/p>\n","protected":false},"excerpt":{"rendered":"<p>Con la finalidad de coordinar acciones que permitan mejorar las estrategias de seguridad en las escuelas y en sus entornos, el director regional de educaci\u00f3n de Lima Metropolitana (DRELM) y [&hellip;]<\/p>\n","protected":false},"author":1,"featured_media":258078,"comment_status":"open","ping_status":"open","sticky":false,"template":"","format":"standard","meta":{"_et_pb_use_builder":"on","_et_pb_old_content":"","_et_gb_content_width":"1080","footnotes":""},"categories":[10],"tags":[],"class_list":["post-258077","post","type-post","status-publish","format-standard","has-post-thumbnail","hentry","category-noticias"],"_links":{"self":[{"href":"https:\/\/ugel04.gob.pe\/home\/wp-json\/wp\/v2\/posts\/258077","targetHints":{"allow":["GET"]}}],"collection":[{"href":"https:\/\/ugel04.gob.pe\/home\/wp-json\/wp\/v2\/posts"}],"about":[{"href":"https:\/\/ugel04.gob.pe\/home\/wp-json\/wp\/v2\/types\/post"}],"author":[{"embeddable":true,"href":"https:\/\/ugel04.gob.pe\/home\/wp-json\/wp\/v2\/users\/1"}],"replies":[{"embeddable":true,"href":"https:\/\/ugel04.gob.pe\/home\/wp-json\/wp\/v2\/comments?post=258077"}],"version-history":[{"count":2,"href":"https:\/\/ugel04.gob.pe\/home\/wp-json\/wp\/v2\/posts\/258077\/revisions"}],"predecessor-version":[{"id":258080,"href":"https:\/\/ugel04.gob.pe\/home\/wp-json\/wp\/v2\/posts\/258077\/revisions\/258080"}],"wp:featuredmedia":[{"embeddable":true,"href":"https:\/\/ugel04.gob.pe\/home\/wp-json\/wp\/v2\/media\/258078"}],"wp:attachment":[{"href":"https:\/\/ugel04.gob.pe\/home\/wp-json\/wp\/v2\/media?parent=258077"}],"wp:term":[{"taxonomy":"category","embeddable":true,"href":"https:\/\/ugel04.gob.pe\/home\/wp-json\/wp\/v2\/categories?post=258077"},{"taxonomy":"post_tag","embeddable":true,"href":"https:\/\/ugel04.gob.pe\/home\/wp-json\/wp\/v2\/tags?post=258077"}],"curies":[{"name":"wp","href":"https:\/\/api.w.org\/{rel}","templated":true}]}}