{"id":258047,"date":"2024-12-02T12:38:54","date_gmt":"2024-12-02T17:38:54","guid":{"rendered":"https:\/\/ugel04.gob.pe\/home\/?p=258047"},"modified":"2024-12-03T10:27:38","modified_gmt":"2024-12-03T15:27:38","slug":"ugel-04-puso-energia-electrica-en-18-modulos-prefabricados-de-la-i-e-898-8193-villas-de-ancon","status":"publish","type":"post","link":"https:\/\/ugel04.gob.pe\/home\/ugel-04-puso-energia-electrica-en-18-modulos-prefabricados-de-la-i-e-898-8193-villas-de-ancon\/","title":{"rendered":"SE INSTALA ENERG\u00cdA EL\u00c9CTRICA EN 18 M\u00d3DULOS PREFABRICADOS DE IE. 898-8193 VILLAS DE ANC\u00d3N"},"content":{"rendered":"<p>[et_pb_section fb_built=\u00bb1&#8243; _builder_version=\u00bb4.27.4&#8243; _module_preset=\u00bbdefault\u00bb da_disable_devices=\u00bboff|off|off\u00bb global_colors_info=\u00bb{}\u00bb da_is_popup=\u00bboff\u00bb da_exit_intent=\u00bboff\u00bb da_has_close=\u00bbon\u00bb da_alt_close=\u00bboff\u00bb da_dark_close=\u00bboff\u00bb da_not_modal=\u00bbon\u00bb da_is_singular=\u00bboff\u00bb da_with_loader=\u00bboff\u00bb da_has_shadow=\u00bbon\u00bb][et_pb_row _builder_version=\u00bb4.27.4&#8243; _module_preset=\u00bbdefault\u00bb global_colors_info=\u00bb{}\u00bb][et_pb_column type=\u00bb4_4&#8243; _builder_version=\u00bb4.27.4&#8243; _module_preset=\u00bbdefault\u00bb global_colors_info=\u00bb{}\u00bb][et_pb_text _builder_version=\u00bb4.27.4&#8243; _module_preset=\u00bbdefault\u00bb global_colors_info=\u00bb{}\u00bb]<\/p>\n<p style=\"text-align: justify;\"><strong>Con la participaci\u00f3n de la directora de la UGEL 04, Nelly Cunza Pr\u00edncipe; el jefe de ASGESE, Willy V\u00e1zquez; y el director del colegio 898-8193 Villas de Anc\u00f3n, Edgar Herrera, junto a docentes, estudiantes y padres de familia, se inaugur\u00f3 la instalaci\u00f3n de energ\u00eda el\u00e9ctrica en 18 m\u00f3dulos educativos, as\u00ed como un medidor de luz, con recursos propios de la UGEL 04. Esta mejora beneficiar\u00e1 a los m\u00e1s de 500 estudiantes de la instituci\u00f3n, permiti\u00e9ndoles contar con un ambiente m\u00e1s adecuado para el aprendizaje.<\/strong><\/p>\n<p style=\"text-align: justify;\">El colegio, con una extensi\u00f3n de 10,000 metros cuadrados, ahora cuenta con las condiciones necesarias para que los estudiantes del nivel secundario puedan desarrollar sus clases de manera m\u00e1s eficiente. Adem\u00e1s, los docentes podr\u00e1n utilizar equipos el\u00e9ctricos que facilitar\u00e1n la ense\u00f1anza, lo que contribuir\u00e1 a mejorar la calidad educativa en la instituci\u00f3n.<\/p>\n<p style=\"text-align: justify;\">La directora de la UGEL 04, Nelly Cunza, expres\u00f3 su agradecimiento a todos los presentes y destac\u00f3 el compromiso de la UGEL con la mejora de las infraestructuras educativas. Gracias a los recursos gestionados y el esfuerzo conjunto, hemos logrado concretar este importante proyecto, lo que representa un avance significativo para la educaci\u00f3n de nuestros estudiantes.<\/p>\n<p style=\"text-align: justify;\">Durante la ceremonia, los estudiantes tambi\u00e9n presentaron un n\u00famero art\u00edstico que reflej\u00f3 su creatividad y talento. Esta inauguraci\u00f3n es una clara muestra del trabajo conjunto entre la UGEL 04 y la comunidad educativa para brindar a los estudiantes mejores condiciones de aprendizaje y seguir avanzando hacia una educaci\u00f3n de calidad.<\/p>\n<p>[\/et_pb_text][\/et_pb_column][\/et_pb_row][\/et_pb_section]<\/p>\n","protected":false},"excerpt":{"rendered":"<p>Con la participaci\u00f3n de la directora de la UGEL 04, Nelly Cunza Pr\u00edncipe; el jefe de ASGESE, Willy V\u00e1zquez; y el director del colegio 898-8193 Villas de Anc\u00f3n, Edgar Herrera, [&hellip;]<\/p>\n","protected":false},"author":1,"featured_media":258048,"comment_status":"closed","ping_status":"open","sticky":false,"template":"","format":"standard","meta":{"_et_pb_use_builder":"on","_et_pb_old_content":"","_et_gb_content_width":"1080","footnotes":""},"categories":[10],"tags":[],"class_list":["post-258047","post","type-post","status-publish","format-standard","has-post-thumbnail","hentry","category-noticias"],"_links":{"self":[{"href":"https:\/\/ugel04.gob.pe\/home\/wp-json\/wp\/v2\/posts\/258047","targetHints":{"allow":["GET"]}}],"collection":[{"href":"https:\/\/ugel04.gob.pe\/home\/wp-json\/wp\/v2\/posts"}],"about":[{"href":"https:\/\/ugel04.gob.pe\/home\/wp-json\/wp\/v2\/types\/post"}],"author":[{"embeddable":true,"href":"https:\/\/ugel04.gob.pe\/home\/wp-json\/wp\/v2\/users\/1"}],"replies":[{"embeddable":true,"href":"https:\/\/ugel04.gob.pe\/home\/wp-json\/wp\/v2\/comments?post=258047"}],"version-history":[{"count":4,"href":"https:\/\/ugel04.gob.pe\/home\/wp-json\/wp\/v2\/posts\/258047\/revisions"}],"predecessor-version":[{"id":258058,"href":"https:\/\/ugel04.gob.pe\/home\/wp-json\/wp\/v2\/posts\/258047\/revisions\/258058"}],"wp:featuredmedia":[{"embeddable":true,"href":"https:\/\/ugel04.gob.pe\/home\/wp-json\/wp\/v2\/media\/258048"}],"wp:attachment":[{"href":"https:\/\/ugel04.gob.pe\/home\/wp-json\/wp\/v2\/media?parent=258047"}],"wp:term":[{"taxonomy":"category","embeddable":true,"href":"https:\/\/ugel04.gob.pe\/home\/wp-json\/wp\/v2\/categories?post=258047"},{"taxonomy":"post_tag","embeddable":true,"href":"https:\/\/ugel04.gob.pe\/home\/wp-json\/wp\/v2\/tags?post=258047"}],"curies":[{"name":"wp","href":"https:\/\/api.w.org\/{rel}","templated":true}]}}