{"id":258043,"date":"2024-12-02T12:24:44","date_gmt":"2024-12-02T17:24:44","guid":{"rendered":"https:\/\/ugel04.gob.pe\/home\/?p=258043"},"modified":"2024-12-02T12:24:44","modified_gmt":"2024-12-02T17:24:44","slug":"ugel-04-participa-en-feria-de-prevencion-y-erradicacion-del-trabajo-infantil-en-ancon","status":"publish","type":"post","link":"https:\/\/ugel04.gob.pe\/home\/ugel-04-participa-en-feria-de-prevencion-y-erradicacion-del-trabajo-infantil-en-ancon\/","title":{"rendered":"UGEL 04 PARTICIPA EN FERIA DE PREVENCI\u00d3N Y ERRADICACI\u00d3N DEL TRABAJO INFANTIL EN ANC\u00d3N"},"content":{"rendered":"<p>[et_pb_section fb_built=\u00bb1&#8243; theme_builder_area=\u00bbpost_content\u00bb _builder_version=\u00bb4.27.4&#8243; _module_preset=\u00bbdefault\u00bb da_is_popup=\u00bboff\u00bb da_exit_intent=\u00bboff\u00bb da_has_close=\u00bbon\u00bb da_alt_close=\u00bboff\u00bb da_dark_close=\u00bboff\u00bb da_not_modal=\u00bbon\u00bb da_is_singular=\u00bboff\u00bb da_with_loader=\u00bboff\u00bb da_has_shadow=\u00bbon\u00bb da_disable_devices=\u00bboff|off|off\u00bb][et_pb_row _builder_version=\u00bb4.27.4&#8243; _module_preset=\u00bbdefault\u00bb theme_builder_area=\u00bbpost_content\u00bb][et_pb_column _builder_version=\u00bb4.27.4&#8243; _module_preset=\u00bbdefault\u00bb type=\u00bb4_4&#8243; theme_builder_area=\u00bbpost_content\u00bb][et_pb_text _builder_version=\u00bb4.27.4&#8243; _module_preset=\u00bbdefault\u00bb theme_builder_area=\u00bbpost_content\u00bb hover_enabled=\u00bb0&#8243; sticky_enabled=\u00bb0&#8243;]<\/p>\n<p style=\"text-align: justify;\"><strong>La directora de la UGEL 04, Nelly Cunza Pr\u00edncipe, particip\u00f3 en la Feria de Servicios para la Prevenci\u00f3n y Erradicaci\u00f3n del Trabajo Infantil, llevado a cabo en el patio del colegio de la I.E.3069 General\u00edsimo Don Jos\u00e9 de San Mart\u00edn, en el distrito de Anc\u00f3n. El evento reuni\u00f3 a diversos aliados \u00a0con el objetivo de brindar orientaci\u00f3n y servicios a los estudiantes de primaria y secundaria sobre la importancia de prevenir el trabajo infantil y promover un entorno educativo seguro.<\/strong><\/p>\n<p style=\"text-align: justify;\">Esta feria, impulsada por la UGEL 04, cont\u00f3 con el apoyo de los equipos de Tutor\u00eda y Convivencia Escolar, as\u00ed como de importantes aliados estrat\u00e9gicos, como el Ministerio de Trabajo, el COMUDENA de Anc\u00f3n y otras entidades locales. Entre los servicios ofrecidos, se realizaron charlas sobre la prevenci\u00f3n de la violencia escolar, orientaci\u00f3n sobre c\u00f3mo denunciar actos de violencia contra la mujer y la participaci\u00f3n activa de la Defensor\u00eda Municipal del Ni\u00f1o y del Adolescente.<\/p>\n<p style=\"text-align: justify;\">La directora Nelly Cunza, junto con el director del colegio anfitri\u00f3n y especialistas de la UGEL 04, recorri\u00f3 los diversos stands informativos, conociendo de primera mano las acciones y servicios ofrecidos a la comunidad escolar. Adem\u00e1s, participaron representantes de la Polic\u00eda Nacional y del Serenazgo, quienes brindaron recomendaciones sobre seguridad, promoviendo as\u00ed una convivencia m\u00e1s segura y solidaria entre los estudiantes.<\/p>\n<p>[\/et_pb_text][\/et_pb_column][\/et_pb_row][\/et_pb_section]<\/p>\n","protected":false},"excerpt":{"rendered":"<p>La directora de la UGEL 04, Nelly Cunza Pr\u00edncipe, particip\u00f3 en la Feria de Servicios para la Prevenci\u00f3n y Erradicaci\u00f3n del Trabajo Infantil, llevado a cabo en el patio del [&hellip;]<\/p>\n","protected":false},"author":1,"featured_media":258044,"comment_status":"closed","ping_status":"open","sticky":false,"template":"","format":"standard","meta":{"_et_pb_use_builder":"on","_et_pb_old_content":"","_et_gb_content_width":"1080","footnotes":""},"categories":[10],"tags":[],"class_list":["post-258043","post","type-post","status-publish","format-standard","has-post-thumbnail","hentry","category-noticias"],"_links":{"self":[{"href":"https:\/\/ugel04.gob.pe\/home\/wp-json\/wp\/v2\/posts\/258043","targetHints":{"allow":["GET"]}}],"collection":[{"href":"https:\/\/ugel04.gob.pe\/home\/wp-json\/wp\/v2\/posts"}],"about":[{"href":"https:\/\/ugel04.gob.pe\/home\/wp-json\/wp\/v2\/types\/post"}],"author":[{"embeddable":true,"href":"https:\/\/ugel04.gob.pe\/home\/wp-json\/wp\/v2\/users\/1"}],"replies":[{"embeddable":true,"href":"https:\/\/ugel04.gob.pe\/home\/wp-json\/wp\/v2\/comments?post=258043"}],"version-history":[{"count":2,"href":"https:\/\/ugel04.gob.pe\/home\/wp-json\/wp\/v2\/posts\/258043\/revisions"}],"predecessor-version":[{"id":258046,"href":"https:\/\/ugel04.gob.pe\/home\/wp-json\/wp\/v2\/posts\/258043\/revisions\/258046"}],"wp:featuredmedia":[{"embeddable":true,"href":"https:\/\/ugel04.gob.pe\/home\/wp-json\/wp\/v2\/media\/258044"}],"wp:attachment":[{"href":"https:\/\/ugel04.gob.pe\/home\/wp-json\/wp\/v2\/media?parent=258043"}],"wp:term":[{"taxonomy":"category","embeddable":true,"href":"https:\/\/ugel04.gob.pe\/home\/wp-json\/wp\/v2\/categories?post=258043"},{"taxonomy":"post_tag","embeddable":true,"href":"https:\/\/ugel04.gob.pe\/home\/wp-json\/wp\/v2\/tags?post=258043"}],"curies":[{"name":"wp","href":"https:\/\/api.w.org\/{rel}","templated":true}]}}