{"id":258039,"date":"2024-11-30T20:00:00","date_gmt":"2024-12-01T01:00:00","guid":{"rendered":"https:\/\/ugel04.gob.pe\/home\/?p=258039"},"modified":"2024-11-29T16:56:56","modified_gmt":"2024-11-29T21:56:56","slug":"docentes-y-directivos-de-ugel-04-fortalecieron-capacidades-con-programa-formativo-de-khan-academy","status":"publish","type":"post","link":"https:\/\/ugel04.gob.pe\/home\/docentes-y-directivos-de-ugel-04-fortalecieron-capacidades-con-programa-formativo-de-khan-academy\/","title":{"rendered":"DOCENTES Y DIRECTIVOS DE UGEL 04 FORTALECIERON CAPACIDADES CON PROGRAMA FORMATIVO DE KHAN ACADEMY"},"content":{"rendered":"<p>[et_pb_section fb_built=\u00bb1&#8243; theme_builder_area=\u00bbpost_content\u00bb _builder_version=\u00bb4.27.4&#8243; _module_preset=\u00bbdefault\u00bb da_is_popup=\u00bboff\u00bb da_exit_intent=\u00bboff\u00bb da_has_close=\u00bbon\u00bb da_alt_close=\u00bboff\u00bb da_dark_close=\u00bboff\u00bb da_not_modal=\u00bbon\u00bb da_is_singular=\u00bboff\u00bb da_with_loader=\u00bboff\u00bb da_has_shadow=\u00bbon\u00bb da_disable_devices=\u00bboff|off|off\u00bb][et_pb_row _builder_version=\u00bb4.27.4&#8243; _module_preset=\u00bbdefault\u00bb theme_builder_area=\u00bbpost_content\u00bb][et_pb_column _builder_version=\u00bb4.27.4&#8243; _module_preset=\u00bbdefault\u00bb type=\u00bb4_4&#8243; theme_builder_area=\u00bbpost_content\u00bb][et_pb_text _builder_version=\u00bb4.27.4&#8243; _module_preset=\u00bbdefault\u00bb theme_builder_area=\u00bbpost_content\u00bb hover_enabled=\u00bb0&#8243; sticky_enabled=\u00bb0&#8243;]<\/p>\n<p>En marco de las acciones destinadas a fortalecer las capacidades pedag\u00f3gicas en las escuelas, 348 docentes y 60 directivos de las IIEE de Lima Metropolitana, completaron el programa formativo que desarrolla Khan Academy, obteniendo una certificaci\u00f3n de 120 horas lectivas.<\/p>\n<p>La capacitaci\u00f3n de los maestros integr\u00f3 herramientas digitales alineadas con el Curr\u00edculo Nacional, potenciando su aprendizaje en las \u00e1reas de Matem\u00e1tica y Ciencia y Tecnolog\u00eda.<\/p>\n<p><strong>Resultados destacados:<\/strong><\/p>\n<ul>\n<li>Directivos: Optimizaron estrategias de gesti\u00f3n y supervisi\u00f3n.<\/li>\n<li>Docentes: Implementaron pr\u00e1cticas pedag\u00f3gicas innovadoras.<\/li>\n<li>Profesores de Innovaci\u00f3n: Brindaron soporte t\u00e9cnico y metodol\u00f3gico.<\/li>\n<li>Ecosistemas de colaboraci\u00f3n educativa<\/li>\n<\/ul>\n<p>Asimismo, la jornada formativa promovi\u00f3 la uni\u00f3n de directores, docentes y profesores de innovaci\u00f3n pedag\u00f3gica en ecosistemas educativos colaborativos, cuyos espacios fortalecieron la planificaci\u00f3n y gesti\u00f3n escolar, logrando un impacto positivo en el aprendizaje de nuestras escuelas.<\/p>\n<p>Cabe destacarque, la ceremonia de clausura cont\u00f3 con la presencia de Ghrislaine Liendo Vidal, gerente de Relaciones Latinoamericanas de Khan Academy, Marcos Tupayachi, titular de la DRELM; as\u00ed como, y los directores de las UGEL 04, Nelly Cunza, UGEL 05 &#8211; San Juan de Lurigancho, Jenny Jara y la Unidad de Gesti\u00f3n Educativa Local 07, \u00d3scar Camacho.<\/p>\n<p>[\/et_pb_text][\/et_pb_column][\/et_pb_row][\/et_pb_section]<\/p>\n","protected":false},"excerpt":{"rendered":"<p>En marco de las acciones destinadas a fortalecer las capacidades pedag\u00f3gicas en las escuelas, 348 docentes y 60 directivos de las IIEE de Lima Metropolitana, completaron el programa formativo que [&hellip;]<\/p>\n","protected":false},"author":1,"featured_media":258040,"comment_status":"open","ping_status":"open","sticky":false,"template":"","format":"standard","meta":{"_et_pb_use_builder":"on","_et_pb_old_content":"","_et_gb_content_width":"1080","footnotes":""},"categories":[10],"tags":[],"class_list":["post-258039","post","type-post","status-publish","format-standard","has-post-thumbnail","hentry","category-noticias"],"_links":{"self":[{"href":"https:\/\/ugel04.gob.pe\/home\/wp-json\/wp\/v2\/posts\/258039","targetHints":{"allow":["GET"]}}],"collection":[{"href":"https:\/\/ugel04.gob.pe\/home\/wp-json\/wp\/v2\/posts"}],"about":[{"href":"https:\/\/ugel04.gob.pe\/home\/wp-json\/wp\/v2\/types\/post"}],"author":[{"embeddable":true,"href":"https:\/\/ugel04.gob.pe\/home\/wp-json\/wp\/v2\/users\/1"}],"replies":[{"embeddable":true,"href":"https:\/\/ugel04.gob.pe\/home\/wp-json\/wp\/v2\/comments?post=258039"}],"version-history":[{"count":2,"href":"https:\/\/ugel04.gob.pe\/home\/wp-json\/wp\/v2\/posts\/258039\/revisions"}],"predecessor-version":[{"id":258042,"href":"https:\/\/ugel04.gob.pe\/home\/wp-json\/wp\/v2\/posts\/258039\/revisions\/258042"}],"wp:featuredmedia":[{"embeddable":true,"href":"https:\/\/ugel04.gob.pe\/home\/wp-json\/wp\/v2\/media\/258040"}],"wp:attachment":[{"href":"https:\/\/ugel04.gob.pe\/home\/wp-json\/wp\/v2\/media?parent=258039"}],"wp:term":[{"taxonomy":"category","embeddable":true,"href":"https:\/\/ugel04.gob.pe\/home\/wp-json\/wp\/v2\/categories?post=258039"},{"taxonomy":"post_tag","embeddable":true,"href":"https:\/\/ugel04.gob.pe\/home\/wp-json\/wp\/v2\/tags?post=258039"}],"curies":[{"name":"wp","href":"https:\/\/api.w.org\/{rel}","templated":true}]}}