{"id":258033,"date":"2024-11-29T08:42:22","date_gmt":"2024-11-29T13:42:22","guid":{"rendered":"https:\/\/ugel04.gob.pe\/home\/?p=258033"},"modified":"2024-11-29T08:42:29","modified_gmt":"2024-11-29T13:42:29","slug":"en-jornada-vibrante-se-desarrolla-feria-pedagogica-de-nivel-primaria","status":"publish","type":"post","link":"https:\/\/ugel04.gob.pe\/home\/en-jornada-vibrante-se-desarrolla-feria-pedagogica-de-nivel-primaria\/","title":{"rendered":"EN JORNADA VIBRANTE SE DESARROLLA FERIA PEDAG\u00d3GICA DE NIVEL PRIMARIA"},"content":{"rendered":"<p>[et_pb_section fb_built=\u00bb1&#8243; theme_builder_area=\u00bbpost_content\u00bb _builder_version=\u00bb4.27.4&#8243; _module_preset=\u00bbdefault\u00bb da_is_popup=\u00bboff\u00bb da_exit_intent=\u00bboff\u00bb da_has_close=\u00bbon\u00bb da_alt_close=\u00bboff\u00bb da_dark_close=\u00bboff\u00bb da_not_modal=\u00bbon\u00bb da_is_singular=\u00bboff\u00bb da_with_loader=\u00bboff\u00bb da_has_shadow=\u00bbon\u00bb da_disable_devices=\u00bboff|off|off\u00bb][et_pb_row _builder_version=\u00bb4.27.4&#8243; _module_preset=\u00bbdefault\u00bb theme_builder_area=\u00bbpost_content\u00bb][et_pb_column _builder_version=\u00bb4.27.4&#8243; _module_preset=\u00bbdefault\u00bb type=\u00bb4_4&#8243; theme_builder_area=\u00bbpost_content\u00bb][et_pb_text _builder_version=\u00bb4.27.4&#8243; _module_preset=\u00bbdefault\u00bb theme_builder_area=\u00bbpost_content\u00bb hover_enabled=\u00bb0&#8243; sticky_enabled=\u00bb0&#8243;]<\/p>\n<p>En una jornada llena de colorido y entusiasmo, las diferentes Redes Educativas Institucionales (REI) de la UGEL 04 realizaron la exposici\u00f3n de las estrategias did\u00e1cticas que desarrollan en las aulas para potenciar las competencias y aprendizajes de los estudiantes del nivel primaria.<\/p>\n<p>Estas estrategias son fundamentales, ya que permiten a los docentes adaptar su ense\u00f1anza a las necesidades de los escolares, promoviendo un aprendizaje m\u00e1s significativo, el desarrollo de habilidades clave como el pensamiento cr\u00edtico y la creatividad, y preparando a los ni\u00f1os para afrontar retos futuros con confianza.<\/p>\n<p>La Feria Pedag\u00f3gica tuvo como escenario las instalaciones de la IE Estados Unidos de Comas, a donde acudieron, adem\u00e1s de cientos de representantes de nuestra comunidad educativa del nivel primaria, la directora de UGEL 04, Nelly Cunza, el jefe de AGEBRE, Johnny Ventura, el Jefe de AGEBATP Roberto Zevallos, y representantes del SAANEE.<\/p>\n<p>Para animar la fiesta educativa, durante el evento se presentaron n\u00fameros art\u00edsticos escenificados por los estudiantes y docentes, los cuales contextualizaron y vivenciaron acontecimientos desarrollados en las aulas, demostrando as\u00ed, la educaci\u00f3n integral que se imparte, el mismo que combina el conocimiento acad\u00e9mico con la expresi\u00f3n art\u00edstica.<\/p>\n<p>Cabe resaltar, el gran trabajo que vienen desarrollando las maestras fortalezas del nivel primaria, quienes contribuyeron potenciar las capacidades de las y los docentes, propiciando adem\u00e1s, que la presente jornada se realice de manera fruct\u00edfera.<\/p>\n<p>\u00a1Felicidades a todos los integrantes de esta gran comunidad educativa!<\/p>\n<p>[\/et_pb_text][\/et_pb_column][\/et_pb_row][\/et_pb_section]<\/p>\n","protected":false},"excerpt":{"rendered":"<p>En una jornada llena de colorido y entusiasmo, las diferentes Redes Educativas Institucionales (REI) de la UGEL 04 realizaron la exposici\u00f3n de las estrategias did\u00e1cticas que desarrollan en las aulas [&hellip;]<\/p>\n","protected":false},"author":1,"featured_media":258034,"comment_status":"open","ping_status":"open","sticky":false,"template":"","format":"standard","meta":{"_et_pb_use_builder":"on","_et_pb_old_content":"","_et_gb_content_width":"1080","footnotes":""},"categories":[10],"tags":[],"class_list":["post-258033","post","type-post","status-publish","format-standard","has-post-thumbnail","hentry","category-noticias"],"_links":{"self":[{"href":"https:\/\/ugel04.gob.pe\/home\/wp-json\/wp\/v2\/posts\/258033","targetHints":{"allow":["GET"]}}],"collection":[{"href":"https:\/\/ugel04.gob.pe\/home\/wp-json\/wp\/v2\/posts"}],"about":[{"href":"https:\/\/ugel04.gob.pe\/home\/wp-json\/wp\/v2\/types\/post"}],"author":[{"embeddable":true,"href":"https:\/\/ugel04.gob.pe\/home\/wp-json\/wp\/v2\/users\/1"}],"replies":[{"embeddable":true,"href":"https:\/\/ugel04.gob.pe\/home\/wp-json\/wp\/v2\/comments?post=258033"}],"version-history":[{"count":2,"href":"https:\/\/ugel04.gob.pe\/home\/wp-json\/wp\/v2\/posts\/258033\/revisions"}],"predecessor-version":[{"id":258036,"href":"https:\/\/ugel04.gob.pe\/home\/wp-json\/wp\/v2\/posts\/258033\/revisions\/258036"}],"wp:featuredmedia":[{"embeddable":true,"href":"https:\/\/ugel04.gob.pe\/home\/wp-json\/wp\/v2\/media\/258034"}],"wp:attachment":[{"href":"https:\/\/ugel04.gob.pe\/home\/wp-json\/wp\/v2\/media?parent=258033"}],"wp:term":[{"taxonomy":"category","embeddable":true,"href":"https:\/\/ugel04.gob.pe\/home\/wp-json\/wp\/v2\/categories?post=258033"},{"taxonomy":"post_tag","embeddable":true,"href":"https:\/\/ugel04.gob.pe\/home\/wp-json\/wp\/v2\/tags?post=258033"}],"curies":[{"name":"wp","href":"https:\/\/api.w.org\/{rel}","templated":true}]}}