{"id":257941,"date":"2024-11-22T17:14:14","date_gmt":"2024-11-22T22:14:14","guid":{"rendered":"https:\/\/ugel04.gob.pe\/home\/?p=257941"},"modified":"2024-11-22T17:14:28","modified_gmt":"2024-11-22T22:14:28","slug":"concluye-con-exito-diplomado-en-gestion-pedagogica-para-docentes-de-cetpro","status":"publish","type":"post","link":"https:\/\/ugel04.gob.pe\/home\/concluye-con-exito-diplomado-en-gestion-pedagogica-para-docentes-de-cetpro\/","title":{"rendered":"CONCLUYE CON \u00c9XITO DIPLOMADO EN GESTI\u00d3N PEDAG\u00d3GICA PARA DOCENTES DE CETPRO"},"content":{"rendered":"<p>[et_pb_section fb_built=\u00bb1&#8243; theme_builder_area=\u00bbpost_content\u00bb _builder_version=\u00bb4.27.3&#8243; _module_preset=\u00bbdefault\u00bb da_is_popup=\u00bboff\u00bb da_exit_intent=\u00bboff\u00bb da_has_close=\u00bbon\u00bb da_alt_close=\u00bboff\u00bb da_dark_close=\u00bboff\u00bb da_not_modal=\u00bbon\u00bb da_is_singular=\u00bboff\u00bb da_with_loader=\u00bboff\u00bb da_has_shadow=\u00bbon\u00bb da_disable_devices=\u00bboff|off|off\u00bb][et_pb_row _builder_version=\u00bb4.27.3&#8243; _module_preset=\u00bbdefault\u00bb theme_builder_area=\u00bbpost_content\u00bb][et_pb_column _builder_version=\u00bb4.27.3&#8243; _module_preset=\u00bbdefault\u00bb type=\u00bb4_4&#8243; theme_builder_area=\u00bbpost_content\u00bb][et_pb_text _builder_version=\u00bb4.27.3&#8243; _module_preset=\u00bbdefault\u00bb theme_builder_area=\u00bbpost_content\u00bb hover_enabled=\u00bb0&#8243; sticky_enabled=\u00bb0&#8243;]<\/p>\n<p>Con gran \u00e9xito culmin\u00f3 el Diplomado en Gesti\u00f3n Pedag\u00f3gica de la Educaci\u00f3n T\u00e9cnica Productiva, organizado por la UGEL 04 a trav\u00e9s del AGEBATP, dirigido a directivos y docentes de los CETPRO de nuestra jurisdicci\u00f3n, con el objetivo de fortalecer las competencias pedag\u00f3gicas y administrativas de los participantes, contribuyendo as\u00ed, al desarrollo y la excelencia en la gesti\u00f3n de las instituciones educativas t\u00e9cnicas &#8211; productivas.<\/p>\n<p>Cabe resaltar que este programa formativo, se dict\u00f3 en la modalidad h\u00edbrida, combinando la virtualidad y la presencialidad, logrando capacitar alrededor de 90 participantes durante un periodo de ocho meses.<\/p>\n<p>Las clases de cierre del diplomado estuvieron a cargo de la destacada ponente Rosita Alc\u00e1ntara, quien comparti\u00f3 importantes conocimientos y experiencias clave para la formaci\u00f3n de los docentes.<\/p>\n<p>El jefe de la AGEBATP Roberto Zevallos, quien sigui\u00f3 de cerca el desarrollo de las diversas jornadas de formaci\u00f3n, destac\u00f3 en su discurso que este tipo de capacitaciones son esenciales para garantizar una educaci\u00f3n t\u00e9cnica de calidad, promoviendo el crecimiento profesional de los docentes y el impacto positivo en sus estudiantes.<\/p>\n<p>La UGEL 04 reafirma su compromiso de seguir impulsando iniciativas que fortalezcan la educaci\u00f3n t\u00e9cnica productiva en beneficio de nuestra comunidad educativa.<\/p>\n<p>[\/et_pb_text][\/et_pb_column][\/et_pb_row][\/et_pb_section]<\/p>\n","protected":false},"excerpt":{"rendered":"<p>Con gran \u00e9xito culmin\u00f3 el Diplomado en Gesti\u00f3n Pedag\u00f3gica de la Educaci\u00f3n T\u00e9cnica Productiva, organizado por la UGEL 04 a trav\u00e9s del AGEBATP, dirigido a directivos y docentes de los [&hellip;]<\/p>\n","protected":false},"author":1,"featured_media":257942,"comment_status":"open","ping_status":"open","sticky":false,"template":"","format":"standard","meta":{"_et_pb_use_builder":"on","_et_pb_old_content":"","_et_gb_content_width":"1080","footnotes":""},"categories":[10],"tags":[],"class_list":["post-257941","post","type-post","status-publish","format-standard","has-post-thumbnail","hentry","category-noticias"],"_links":{"self":[{"href":"https:\/\/ugel04.gob.pe\/home\/wp-json\/wp\/v2\/posts\/257941","targetHints":{"allow":["GET"]}}],"collection":[{"href":"https:\/\/ugel04.gob.pe\/home\/wp-json\/wp\/v2\/posts"}],"about":[{"href":"https:\/\/ugel04.gob.pe\/home\/wp-json\/wp\/v2\/types\/post"}],"author":[{"embeddable":true,"href":"https:\/\/ugel04.gob.pe\/home\/wp-json\/wp\/v2\/users\/1"}],"replies":[{"embeddable":true,"href":"https:\/\/ugel04.gob.pe\/home\/wp-json\/wp\/v2\/comments?post=257941"}],"version-history":[{"count":3,"href":"https:\/\/ugel04.gob.pe\/home\/wp-json\/wp\/v2\/posts\/257941\/revisions"}],"predecessor-version":[{"id":257945,"href":"https:\/\/ugel04.gob.pe\/home\/wp-json\/wp\/v2\/posts\/257941\/revisions\/257945"}],"wp:featuredmedia":[{"embeddable":true,"href":"https:\/\/ugel04.gob.pe\/home\/wp-json\/wp\/v2\/media\/257942"}],"wp:attachment":[{"href":"https:\/\/ugel04.gob.pe\/home\/wp-json\/wp\/v2\/media?parent=257941"}],"wp:term":[{"taxonomy":"category","embeddable":true,"href":"https:\/\/ugel04.gob.pe\/home\/wp-json\/wp\/v2\/categories?post=257941"},{"taxonomy":"post_tag","embeddable":true,"href":"https:\/\/ugel04.gob.pe\/home\/wp-json\/wp\/v2\/tags?post=257941"}],"curies":[{"name":"wp","href":"https:\/\/api.w.org\/{rel}","templated":true}]}}