{"id":257919,"date":"2024-11-21T14:18:21","date_gmt":"2024-11-21T19:18:21","guid":{"rendered":"https:\/\/ugel04.gob.pe\/home\/?p=257919"},"modified":"2024-11-21T14:18:32","modified_gmt":"2024-11-21T19:18:32","slug":"ugel-04-e-ipeba-coordinan-acciones-para-lograr-acreditacion-institucional-de-los-cetpro","status":"publish","type":"post","link":"https:\/\/ugel04.gob.pe\/home\/ugel-04-e-ipeba-coordinan-acciones-para-lograr-acreditacion-institucional-de-los-cetpro\/","title":{"rendered":"UGEL 04 E IPEBA COORDINAN ACCIONES PARA LOGRAR ACREDITACI\u00d3N INSTITUCIONAL DE LOS CETPRO"},"content":{"rendered":"<p>[et_pb_section fb_built=\u00bb1&#8243; theme_builder_area=\u00bbpost_content\u00bb _builder_version=\u00bb4.27.3&#8243; _module_preset=\u00bbdefault\u00bb da_is_popup=\u00bboff\u00bb da_exit_intent=\u00bboff\u00bb da_has_close=\u00bbon\u00bb da_alt_close=\u00bboff\u00bb da_dark_close=\u00bboff\u00bb da_not_modal=\u00bbon\u00bb da_is_singular=\u00bboff\u00bb da_with_loader=\u00bboff\u00bb da_has_shadow=\u00bbon\u00bb da_disable_devices=\u00bboff|off|off\u00bb][et_pb_row _builder_version=\u00bb4.27.3&#8243; _module_preset=\u00bbdefault\u00bb theme_builder_area=\u00bbpost_content\u00bb][et_pb_column _builder_version=\u00bb4.27.3&#8243; _module_preset=\u00bbdefault\u00bb type=\u00bb4_4&#8243; theme_builder_area=\u00bbpost_content\u00bb][et_pb_text _builder_version=\u00bb4.27.3&#8243; _module_preset=\u00bbdefault\u00bb theme_builder_area=\u00bbpost_content\u00bb hover_enabled=\u00bb0&#8243; sticky_enabled=\u00bb0&#8243;]<\/p>\n<p>Con la finalidad de fortalecer la calidad educativa de nuestros CETPRO, la UGEL 04 particip\u00f3 activamente en el proceso de asesoramiento liderado por el Instituto Peruano de Evaluaci\u00f3n, Acreditaci\u00f3n y Certificaci\u00f3n de la Calidad de la Educaci\u00f3n B\u00e1sica (Ipeba), organismo del Sineace, encargado de la formulaci\u00f3n del nuevo \u201cModelo de calidad para la acreditaci\u00f3n institucional de educaci\u00f3n t\u00e9cnico-productiva\u201d.<\/p>\n<p>En este contexto, funcionarios de IPEBA sostuvieron una importante reuni\u00f3n de trabajo con los directivos y coordinadores de los Centros de Educaci\u00f3n T\u00e9cnico-Productiva (CETPRO) pertenecientes a nuestra jurisdicci\u00f3n, quienes absolvieron preguntas e intercambiaron experiencias de gesti\u00f3n; asimismo, presentaron propuestas clave para enriquecer el modelo de acreditaci\u00f3n.<\/p>\n<p>El evento se llev\u00f3 a cabo en las instalaciones del CETPRO Jes\u00fas Obrero, ubicado en el distrito de Comas, y cont\u00f3 con la participaci\u00f3n del jefe de AGEBATP, Roberto Zevallos, especialistas y representantes del IPEBA, as\u00ed como, directivos de los 14 CETPRO de nuestra jurisdicci\u00f3n, quienes aportaron valiosas perspectivas desde sus experiencias institucionales.<\/p>\n<p><strong>La agenda del evento incluy\u00f3:<\/strong><\/p>\n<p>Asistencia t\u00e9cnica a cargo de Ipeba sobre el \u201cModelo de calidad para la acreditaci\u00f3n institucional de educaci\u00f3n t\u00e9cnico-productiva\u201d.<\/p>\n<p>Discusi\u00f3n de temas estrat\u00e9gicos relacionados con el fortalecimiento de los CETPRO.<\/p>\n<p>Los participantes dialogaron sobre los criterios de calidad que deben orientar el modelo, destacando la necesidad de alinearlo con los procesos de licenciamiento. Adem\u00e1s, reafirmaron su compromiso de trabajar de manera articulada para garantizar que este modelo responda a las necesidades y desaf\u00edos de la educaci\u00f3n t\u00e9cnico-productiva tanto a nivel regional como nacional.<\/p>\n<p>Por su parte, Roberto Zevallos expres\u00f3 su compromiso con el impulso de iniciativas que promuevan una educaci\u00f3n t\u00e9cnico-productiva de excelencia, subrayando la relevancia del trabajo conjunto entre las instituciones educativas.<\/p>\n<p>Con este tipo de encuentros, Sineace, a trav\u00e9s de su operador IPEBA, reafirm\u00f3 su misi\u00f3n de establecer mecanismos de articulaci\u00f3n con los diversos actores educativos, promoviendo estrategias de mejora continua y procesos de acreditaci\u00f3n en las instituciones de educaci\u00f3n t\u00e9cnico-productiva a nivel nacional.<\/p>\n<p>[\/et_pb_text][\/et_pb_column][\/et_pb_row][\/et_pb_section]<\/p>\n","protected":false},"excerpt":{"rendered":"<p>Con la finalidad de fortalecer la calidad educativa de nuestros CETPRO, la UGEL 04 particip\u00f3 activamente en el proceso de asesoramiento liderado por el Instituto Peruano de Evaluaci\u00f3n, Acreditaci\u00f3n y [&hellip;]<\/p>\n","protected":false},"author":1,"featured_media":257920,"comment_status":"open","ping_status":"open","sticky":false,"template":"","format":"standard","meta":{"_et_pb_use_builder":"on","_et_pb_old_content":"","_et_gb_content_width":"1080","footnotes":""},"categories":[10],"tags":[],"class_list":["post-257919","post","type-post","status-publish","format-standard","has-post-thumbnail","hentry","category-noticias"],"_links":{"self":[{"href":"https:\/\/ugel04.gob.pe\/home\/wp-json\/wp\/v2\/posts\/257919","targetHints":{"allow":["GET"]}}],"collection":[{"href":"https:\/\/ugel04.gob.pe\/home\/wp-json\/wp\/v2\/posts"}],"about":[{"href":"https:\/\/ugel04.gob.pe\/home\/wp-json\/wp\/v2\/types\/post"}],"author":[{"embeddable":true,"href":"https:\/\/ugel04.gob.pe\/home\/wp-json\/wp\/v2\/users\/1"}],"replies":[{"embeddable":true,"href":"https:\/\/ugel04.gob.pe\/home\/wp-json\/wp\/v2\/comments?post=257919"}],"version-history":[{"count":2,"href":"https:\/\/ugel04.gob.pe\/home\/wp-json\/wp\/v2\/posts\/257919\/revisions"}],"predecessor-version":[{"id":257922,"href":"https:\/\/ugel04.gob.pe\/home\/wp-json\/wp\/v2\/posts\/257919\/revisions\/257922"}],"wp:featuredmedia":[{"embeddable":true,"href":"https:\/\/ugel04.gob.pe\/home\/wp-json\/wp\/v2\/media\/257920"}],"wp:attachment":[{"href":"https:\/\/ugel04.gob.pe\/home\/wp-json\/wp\/v2\/media?parent=257919"}],"wp:term":[{"taxonomy":"category","embeddable":true,"href":"https:\/\/ugel04.gob.pe\/home\/wp-json\/wp\/v2\/categories?post=257919"},{"taxonomy":"post_tag","embeddable":true,"href":"https:\/\/ugel04.gob.pe\/home\/wp-json\/wp\/v2\/tags?post=257919"}],"curies":[{"name":"wp","href":"https:\/\/api.w.org\/{rel}","templated":true}]}}