{"id":257903,"date":"2024-11-20T15:43:13","date_gmt":"2024-11-20T20:43:13","guid":{"rendered":"https:\/\/ugel04.gob.pe\/home\/?p=257903"},"modified":"2024-11-20T15:43:20","modified_gmt":"2024-11-20T20:43:20","slug":"lideres-estudiantiles-de-ancon-expresan-importantes-mensajes-para-participantes-en-apec","status":"publish","type":"post","link":"https:\/\/ugel04.gob.pe\/home\/lideres-estudiantiles-de-ancon-expresan-importantes-mensajes-para-participantes-en-apec\/","title":{"rendered":"L\u00cdDERES ESTUDIANTILES DE ANC\u00d3N EXPRESAN IMPORTANTES MENSAJES PARA PARTICIPANTES EN APEC"},"content":{"rendered":"<p>[et_pb_section fb_built=\u00bb1&#8243; theme_builder_area=\u00bbpost_content\u00bb _builder_version=\u00bb4.27.3&#8243; _module_preset=\u00bbdefault\u00bb da_is_popup=\u00bboff\u00bb da_exit_intent=\u00bboff\u00bb da_has_close=\u00bbon\u00bb da_alt_close=\u00bboff\u00bb da_dark_close=\u00bboff\u00bb da_not_modal=\u00bbon\u00bb da_is_singular=\u00bboff\u00bb da_with_loader=\u00bboff\u00bb da_has_shadow=\u00bbon\u00bb da_disable_devices=\u00bboff|off|off\u00bb][et_pb_row _builder_version=\u00bb4.27.3&#8243; _module_preset=\u00bbdefault\u00bb theme_builder_area=\u00bbpost_content\u00bb][et_pb_column _builder_version=\u00bb4.27.3&#8243; _module_preset=\u00bbdefault\u00bb type=\u00bb4_4&#8243; theme_builder_area=\u00bbpost_content\u00bb][et_pb_text _builder_version=\u00bb4.27.3&#8243; _module_preset=\u00bbdefault\u00bb theme_builder_area=\u00bbpost_content\u00bb hover_enabled=\u00bb0&#8243; sticky_enabled=\u00bb0&#8243;]<\/p>\n<p>J\u00f3venes escolares l\u00edderes Siglo XXI del distrito de Anc\u00f3n participaron en una excepcional reuni\u00f3n, en la que expusieron reflexivos discursos dirigidos a los miembros que del Foro Internacional APEC 2024 realizado en nuestro pa\u00eds, dando a conocer diversas propuestas de intercambio educativo, cultural, cient\u00edfico &#8211; tecnol\u00f3gico y econ\u00f3mico, enfatizando la grandeza de nuestra historia, cultura y econom\u00eda milenaria.<\/p>\n<p>Para el efecto, los estudiantes pertenecientes a la Escuela de Liderazgo y Emprendimiento Juvenil de Anc\u00f3n \u201cKon Ankon\u201d, manifestaron diversas propuesta y mensajes alusivos a la colaboraci\u00f3n mutua entre nuestra naci\u00f3n y los pa\u00edses integrantes del Foro de Cooperaci\u00f3n Econ\u00f3mica Asia &#8211; Pac\u00edfico.<\/p>\n<p>Esta importante cita se llev\u00f3 a cabo el 16 de noviembre de 2024, en la terraza de la Municipalidad de Anc\u00f3n, con la presencia de la directora Nelly Cunza y la Ing. Fabiola Casta\u00f1eda Gerente de Desarrollo Econ\u00f3mico y Social del referido concejo edil.<\/p>\n<p>Cabe destacar que, durante el encuentro los j\u00f3venes l\u00edderes de Anc\u00f3n dieron vida al dios Kon creador del universo, la madre mar, madre tierra, el sol, la luna, las estrellas, el planeta venus, el viento; tambi\u00e9n la guerrera, pescador y la curaca, a trav\u00e9s de su representaci\u00f3n histri\u00f3nica, despertando la admiraci\u00f3n de los presentes.<\/p>\n<p>Debemos recordar que, la voz de nuestros j\u00f3venes es fundamental para construir el cambio que queremos ver en el mundo. Por ello, debemos seguir apoyando a los estudiantes que inspiran y lideran el camino hacia un mejor ma\u00f1ana.<\/p>\n<p>[\/et_pb_text][\/et_pb_column][\/et_pb_row][\/et_pb_section]<\/p>\n","protected":false},"excerpt":{"rendered":"<p>J\u00f3venes escolares l\u00edderes Siglo XXI del distrito de Anc\u00f3n participaron en una excepcional reuni\u00f3n, en la que expusieron reflexivos discursos dirigidos a los miembros que del Foro Internacional APEC 2024 [&hellip;]<\/p>\n","protected":false},"author":1,"featured_media":257904,"comment_status":"open","ping_status":"open","sticky":false,"template":"","format":"standard","meta":{"_et_pb_use_builder":"on","_et_pb_old_content":"","_et_gb_content_width":"1080","footnotes":""},"categories":[10],"tags":[],"class_list":["post-257903","post","type-post","status-publish","format-standard","has-post-thumbnail","hentry","category-noticias"],"_links":{"self":[{"href":"https:\/\/ugel04.gob.pe\/home\/wp-json\/wp\/v2\/posts\/257903","targetHints":{"allow":["GET"]}}],"collection":[{"href":"https:\/\/ugel04.gob.pe\/home\/wp-json\/wp\/v2\/posts"}],"about":[{"href":"https:\/\/ugel04.gob.pe\/home\/wp-json\/wp\/v2\/types\/post"}],"author":[{"embeddable":true,"href":"https:\/\/ugel04.gob.pe\/home\/wp-json\/wp\/v2\/users\/1"}],"replies":[{"embeddable":true,"href":"https:\/\/ugel04.gob.pe\/home\/wp-json\/wp\/v2\/comments?post=257903"}],"version-history":[{"count":2,"href":"https:\/\/ugel04.gob.pe\/home\/wp-json\/wp\/v2\/posts\/257903\/revisions"}],"predecessor-version":[{"id":257906,"href":"https:\/\/ugel04.gob.pe\/home\/wp-json\/wp\/v2\/posts\/257903\/revisions\/257906"}],"wp:featuredmedia":[{"embeddable":true,"href":"https:\/\/ugel04.gob.pe\/home\/wp-json\/wp\/v2\/media\/257904"}],"wp:attachment":[{"href":"https:\/\/ugel04.gob.pe\/home\/wp-json\/wp\/v2\/media?parent=257903"}],"wp:term":[{"taxonomy":"category","embeddable":true,"href":"https:\/\/ugel04.gob.pe\/home\/wp-json\/wp\/v2\/categories?post=257903"},{"taxonomy":"post_tag","embeddable":true,"href":"https:\/\/ugel04.gob.pe\/home\/wp-json\/wp\/v2\/tags?post=257903"}],"curies":[{"name":"wp","href":"https:\/\/api.w.org\/{rel}","templated":true}]}}