{"id":257899,"date":"2024-11-20T14:49:15","date_gmt":"2024-11-20T19:49:15","guid":{"rendered":"https:\/\/ugel04.gob.pe\/home\/?p=257899"},"modified":"2024-11-21T12:46:59","modified_gmt":"2024-11-21T17:46:59","slug":"escolares-de-ugel-04-participan-activamente-en-evaluacion-nacional-de-logros-de-aprendizaje-2024","status":"publish","type":"post","link":"https:\/\/ugel04.gob.pe\/home\/escolares-de-ugel-04-participan-activamente-en-evaluacion-nacional-de-logros-de-aprendizaje-2024\/","title":{"rendered":"ESCOLARES DE UGEL 04 PARTICIPAN ACTIVAMENTE EN EVALUACI\u00d3N NACIONAL DE LOGROS DE APRENDIZAJE 2024"},"content":{"rendered":"\n[et_pb_section fb_built=\u00bb1&#8243; theme_builder_area=\u00bbpost_content\u00bb _builder_version=\u00bb4.27.3&#8243; _module_preset=\u00bbdefault\u00bb da_is_popup=\u00bboff\u00bb da_exit_intent=\u00bboff\u00bb da_has_close=\u00bbon\u00bb da_alt_close=\u00bboff\u00bb da_dark_close=\u00bboff\u00bb da_not_modal=\u00bbon\u00bb da_is_singular=\u00bboff\u00bb da_with_loader=\u00bboff\u00bb da_has_shadow=\u00bbon\u00bb da_disable_devices=\u00bboff|off|off\u00bb][et_pb_row _builder_version=\u00bb4.27.3&#8243; _module_preset=\u00bbdefault\u00bb theme_builder_area=\u00bbpost_content\u00bb][et_pb_column _builder_version=\u00bb4.27.3&#8243; _module_preset=\u00bbdefault\u00bb type=\u00bb4_4&#8243; theme_builder_area=\u00bbpost_content\u00bb][et_pb_text _builder_version=\u00bb4.27.3&#8243; _module_preset=\u00bbdefault\u00bb theme_builder_area=\u00bbpost_content\u00bb hover_enabled=\u00bb0&#8243; sticky_enabled=\u00bb0&#8243;]<p style=\"text-align: justify; text-justify: inter-ideograph;\"><span lang=\"ES-US\" style=\"font-family: 'Arial',sans-serif;\">Demostrando gran compromiso y entusiasmo, estudiantes de los cinco distritos de la UGEL 04: Comas, Puente Piedra, Santa Rosa, Carabayllo y Anc\u00f3n, participaron en la <strong><span style=\"font-family: 'Arial',sans-serif;\">Evaluaci\u00f3n Nacional de Logros de Aprendizaje (ENLA) 2024,<\/span><\/strong> organizada por el Ministerio de Educaci\u00f3n; la misma que busca medir el nivel alcanzado en comprensi\u00f3n lectora y matem\u00e1tica seg\u00fan el Curr\u00ed<strong><span style=\"font-family: 'Arial',sans-serif;\">culo Nacional de Educaci\u00f3n B\u00e1sica<\/span><\/strong>.<o:p><\/o:p><\/span><\/p>\n<p style=\"text-align: justify; text-justify: inter-ideograph;\"><span lang=\"ES-US\" style=\"font-family: 'Arial',sans-serif;\">La ENLA 2024 incluy\u00f3 una prueba censal para estudiantes de <strong><span style=\"font-family: 'Arial',sans-serif;\">4.\u00ba grado de primaria<\/span><\/strong> y una prueba muestral para <strong><span style=\"font-family: 'Arial',sans-serif;\">6.\u00ba grado de primaria<\/span><\/strong> en las mismas \u00e1reas. Asimismo, se aplicaron cuestionarios sobre habilidades socioemocionales a estudiantes de 6.\u00ba grado, con el objetivo de identificar su desarrollo y promover acciones de fortalecimiento desde las escuelas.<o:p><\/o:p><\/span><\/p>\n<p style=\"text-align: justify; text-justify: inter-ideograph;\"><span lang=\"ES-US\" style=\"font-family: 'Arial',sans-serif;\">Durante esta jornada, los especialistas del <strong><span style=\"font-family: 'Arial',sans-serif;\">\u00c1rea de Gesti\u00f3n Educativa B\u00e1sica Regular y Especial<\/span><\/strong> de la UGEL 04 realizaron un riguroso monitoreo en instituciones educativas p\u00fablicas, mientras que el <strong><span style=\"font-family: 'Arial',sans-serif;\">ASGESE<\/span><\/strong> supervis\u00f3 colegios privados, asegurando el correcto desarrollo de las pruebas.<o:p><\/o:p><\/span><\/p>\n<p style=\"text-align: justify; text-justify: inter-ideograph;\"><span lang=\"ES-US\" style=\"font-family: 'Arial',sans-serif;\">Por su parte, el director encargado de la UGEL 04<b>, <strong><span style=\"font-family: 'Arial',sans-serif;\">Johnny Ventura<\/span><\/strong><\/b>, visit\u00f3 diversas instituciones educativas para respaldar el trabajo de los docentes y resaltar la importancia de la ENLA 2024 en el fortalecimiento de la calidad educativa.<o:p><\/o:p><\/span><\/p>\n<p style=\"text-align: justify; text-justify: inter-ideograph;\"><span lang=\"ES-US\" style=\"font-family: 'Arial',sans-serif;\">Agradecemos a todos los docentes, directivos y familias que han alentado a los estudiantes en esta importante evaluaci\u00f3n nacional, reafirmando su compromiso con una educaci\u00f3n integral y de calidad.<o:p><\/o:p><\/span><\/p>[\/et_pb_text][\/et_pb_column][\/et_pb_row][\/et_pb_section]\n","protected":false},"excerpt":{"rendered":"<p>Demostrando gran compromiso y entusiasmo, estudiantes de los cinco distritos de la UGEL 04: Comas, Puente Piedra, Santa Rosa, Carabayllo y Anc\u00f3n, participaron en la Evaluaci\u00f3n Nacional de Logros de [&hellip;]<\/p>\n","protected":false},"author":1,"featured_media":0,"comment_status":"closed","ping_status":"closed","sticky":false,"template":"","format":"standard","meta":{"_et_pb_use_builder":"on","_et_pb_old_content":"","_et_gb_content_width":"1080","footnotes":""},"categories":[10],"tags":[],"class_list":["post-257899","post","type-post","status-publish","format-standard","hentry","category-noticias"],"_links":{"self":[{"href":"https:\/\/ugel04.gob.pe\/home\/wp-json\/wp\/v2\/posts\/257899","targetHints":{"allow":["GET"]}}],"collection":[{"href":"https:\/\/ugel04.gob.pe\/home\/wp-json\/wp\/v2\/posts"}],"about":[{"href":"https:\/\/ugel04.gob.pe\/home\/wp-json\/wp\/v2\/types\/post"}],"author":[{"embeddable":true,"href":"https:\/\/ugel04.gob.pe\/home\/wp-json\/wp\/v2\/users\/1"}],"replies":[{"embeddable":true,"href":"https:\/\/ugel04.gob.pe\/home\/wp-json\/wp\/v2\/comments?post=257899"}],"version-history":[{"count":3,"href":"https:\/\/ugel04.gob.pe\/home\/wp-json\/wp\/v2\/posts\/257899\/revisions"}],"predecessor-version":[{"id":257918,"href":"https:\/\/ugel04.gob.pe\/home\/wp-json\/wp\/v2\/posts\/257899\/revisions\/257918"}],"wp:attachment":[{"href":"https:\/\/ugel04.gob.pe\/home\/wp-json\/wp\/v2\/media?parent=257899"}],"wp:term":[{"taxonomy":"category","embeddable":true,"href":"https:\/\/ugel04.gob.pe\/home\/wp-json\/wp\/v2\/categories?post=257899"},{"taxonomy":"post_tag","embeddable":true,"href":"https:\/\/ugel04.gob.pe\/home\/wp-json\/wp\/v2\/tags?post=257899"}],"curies":[{"name":"wp","href":"https:\/\/api.w.org\/{rel}","templated":true}]}}