{"id":257867,"date":"2024-11-13T17:23:52","date_gmt":"2024-11-13T22:23:52","guid":{"rendered":"https:\/\/ugel04.gob.pe\/home\/?p=257867"},"modified":"2024-11-13T17:27:24","modified_gmt":"2024-11-13T22:27:24","slug":"destacada-participacion-de-cetpro-juana-iris-cuadros-en-feria-apec-ciudadano-2024","status":"publish","type":"post","link":"https:\/\/ugel04.gob.pe\/home\/destacada-participacion-de-cetpro-juana-iris-cuadros-en-feria-apec-ciudadano-2024\/","title":{"rendered":"DESTACADA PARTICIPACI\u00d3N DE CETPRO JUANA IRIS CUADROS EN FERIA APEC CIUDADANO 2024"},"content":{"rendered":"\n[et_pb_section fb_built=\u00bb1&#8243; theme_builder_area=\u00bbpost_content\u00bb _builder_version=\u00bb4.27.3&#8243; _module_preset=\u00bbdefault\u00bb da_is_popup=\u00bboff\u00bb da_exit_intent=\u00bboff\u00bb da_has_close=\u00bbon\u00bb da_alt_close=\u00bboff\u00bb da_dark_close=\u00bboff\u00bb da_not_modal=\u00bbon\u00bb da_is_singular=\u00bboff\u00bb da_with_loader=\u00bboff\u00bb da_has_shadow=\u00bbon\u00bb da_disable_devices=\u00bboff|off|off\u00bb][et_pb_row _builder_version=\u00bb4.27.3&#8243; _module_preset=\u00bbdefault\u00bb theme_builder_area=\u00bbpost_content\u00bb][et_pb_column _builder_version=\u00bb4.27.3&#8243; _module_preset=\u00bbdefault\u00bb type=\u00bb4_4&#8243; theme_builder_area=\u00bbpost_content\u00bb][et_pb_text _builder_version=\u00bb4.27.3&#8243; _module_preset=\u00bbdefault\u00bb theme_builder_area=\u00bbpost_content\u00bb hover_enabled=\u00bb0&#8243; sticky_enabled=\u00bb0&#8243;]<p>Los estudiantes del CETPRO Juana Iris Cuadros Rivera de Puente Piedra viene cumpliendo una destacada participaci\u00f3n en la Feria APEC Ciudadano 2024, que se lleva a cabo del 13 al 16 de noviembre en el Puericultorio P\u00e9rez Aran\u00edbar, al exponer ante el p\u00fablico los diversos productos elaborados y proyectos innovadores desarrollados dentro de su proceso de aprendizaje en las aulas, evidenciando las grandes capacidades emprendedoras y habilidades adquiridas.<\/p>\n<p>Durante la inauguraci\u00f3n oficial del APEC Ciudadano, estuvo presente la presidenta Dina Boluarte, quien resalt\u00f3 la importancia de este evento para fortalecer la imagen del Per\u00fa como un destino confiable a las inversiones responsables.<\/p>\n<p>En este sentido, durante su recorrido por los stands, la mandataria destac\u00f3 la creatividad y el esfuerzo de los j\u00f3venes emprendedores, quienes demuestran su potencial y compromiso para contribuir al desarrollo econ\u00f3mico del pa\u00eds.<\/p>\n<p>El ministro de Educaci\u00f3n, Morgan Quero, quien tambi\u00e9n particip\u00f3 en el evento y felicit\u00f3 a los estudiantes emprendedores, subray\u00f3 la relevancia de programas educativos como la Escuela de la Confianza, que mejoran la empleabilidad juvenil a trav\u00e9s de la formaci\u00f3n t\u00e9cnica.<\/p>\n<p>El titular de la cartera del sector educaci\u00f3n aprovech\u00f3 para destacar la actitud de una estudiante de 5\u00b0 de secundaria quien, aunque a\u00fan no ha concluido su educaci\u00f3n b\u00e1sica, ya se est\u00e1 capacitando en el CETPRO con el objetivo de iniciar su propio negocio.<\/p>\n<p>Las autoridades gubernamentales coincidieron en reconocer al director del CETPRO Juana Cuadros, Veato Arias, por su el liderazgo y compromiso con la formaci\u00f3n de los estudiantes, asegurando una educaci\u00f3n alineada con las demandas del mercado laboral y favoreciendo su inclusi\u00f3n profesional.<\/p>\n<p>La feria, que re\u00fane a m\u00e1s de 90 stands de emprendedores de diversas disciplinas, brind\u00f3 a los estudiantes del CETPRO de Puente Piedra, adscrito a la jurisdicci\u00f3n de la UGEL 04, la oportunidad de presentar sus proyectos en \u00e1reas como panader\u00eda y pasteler\u00eda, cocina, confecci\u00f3n textil y estilismo, mostrando la calidad de su formaci\u00f3n t\u00e9cnica y productiva.<\/p>\n<p><strong>A tener en cuenta<\/strong><\/p>\n<p>&nbsp;<\/p>\n<p>Estudiantes emprendedores de educaci\u00f3n secundaria y CETPRO de Lima Metropolitana participan en APEC Ciudadano 2024, una feria gratuita impulsada por la Beneficencia de Lima y el Ministerio de Relaciones Exteriores, la misma que, ofrece una experiencia singular para que los ciudadanos exploren las oportunidades de desarrollo en los sectores clave que conectan a Per\u00fa con las econom\u00edas globales.<\/p>\n<p>&nbsp;<\/p>\n<p>En el stand 30, se encuentran los emprendimientos de la Escuela de la Confianza, lugar en el que alumnos emprendedores de diversos colegios y CETPRO de nuestra ciudad capital muestran sus productos, servicios y saberes al p\u00fablico nacional y extranjero.<\/p>\n<p>&nbsp;<\/p>\n<p>La Feria APEC Ciudadano se realiza del 13 al 16 de noviembre, en el Puericultorio P\u00e9rez Aran\u00edbar, Av. del Ej\u00e9rcito 750, Magdalena del Mar.<\/p>\n<p>\u00a0La entrada es libre y gratuita.<\/p>\n<p>&nbsp;<\/p>\n<p>Encontrar\u00e1s:<\/p>\n<p>Deliciosos panes y postres artesanales.<\/p>\n<p>Outfit Check de la Confianza.<\/p>\n<p>Estampados personalizados y mucho m\u00e1s.<\/p>\n<p>\u00a1Ven a conocer estos incre\u00edbles emprendimientos y apoya el talento peruano!<\/p>[\/et_pb_text][\/et_pb_column][\/et_pb_row][\/et_pb_section]\n","protected":false},"excerpt":{"rendered":"<p>Los estudiantes del CETPRO Juana Iris Cuadros Rivera de Puente Piedra viene cumpliendo una destacada participaci\u00f3n en la Feria APEC Ciudadano 2024, que se lleva a cabo del 13 al [&hellip;]<\/p>\n","protected":false},"author":1,"featured_media":257875,"comment_status":"open","ping_status":"open","sticky":false,"template":"","format":"standard","meta":{"_et_pb_use_builder":"on","_et_pb_old_content":"","_et_gb_content_width":"1080","footnotes":""},"categories":[10],"tags":[],"class_list":["post-257867","post","type-post","status-publish","format-standard","has-post-thumbnail","hentry","category-noticias"],"_links":{"self":[{"href":"https:\/\/ugel04.gob.pe\/home\/wp-json\/wp\/v2\/posts\/257867","targetHints":{"allow":["GET"]}}],"collection":[{"href":"https:\/\/ugel04.gob.pe\/home\/wp-json\/wp\/v2\/posts"}],"about":[{"href":"https:\/\/ugel04.gob.pe\/home\/wp-json\/wp\/v2\/types\/post"}],"author":[{"embeddable":true,"href":"https:\/\/ugel04.gob.pe\/home\/wp-json\/wp\/v2\/users\/1"}],"replies":[{"embeddable":true,"href":"https:\/\/ugel04.gob.pe\/home\/wp-json\/wp\/v2\/comments?post=257867"}],"version-history":[{"count":3,"href":"https:\/\/ugel04.gob.pe\/home\/wp-json\/wp\/v2\/posts\/257867\/revisions"}],"predecessor-version":[{"id":257876,"href":"https:\/\/ugel04.gob.pe\/home\/wp-json\/wp\/v2\/posts\/257867\/revisions\/257876"}],"wp:featuredmedia":[{"embeddable":true,"href":"https:\/\/ugel04.gob.pe\/home\/wp-json\/wp\/v2\/media\/257875"}],"wp:attachment":[{"href":"https:\/\/ugel04.gob.pe\/home\/wp-json\/wp\/v2\/media?parent=257867"}],"wp:term":[{"taxonomy":"category","embeddable":true,"href":"https:\/\/ugel04.gob.pe\/home\/wp-json\/wp\/v2\/categories?post=257867"},{"taxonomy":"post_tag","embeddable":true,"href":"https:\/\/ugel04.gob.pe\/home\/wp-json\/wp\/v2\/tags?post=257867"}],"curies":[{"name":"wp","href":"https:\/\/api.w.org\/{rel}","templated":true}]}}