{"id":257810,"date":"2024-11-12T12:08:00","date_gmt":"2024-11-12T17:08:00","guid":{"rendered":"https:\/\/ugel04.gob.pe\/home\/?p=257810"},"modified":"2024-11-12T12:08:14","modified_gmt":"2024-11-12T17:08:14","slug":"con-exito-se-realiza-ii-congreso-pedagogico-para-docentes-de-primaria","status":"publish","type":"post","link":"https:\/\/ugel04.gob.pe\/home\/con-exito-se-realiza-ii-congreso-pedagogico-para-docentes-de-primaria\/","title":{"rendered":"CON \u00c9XITO SE REALIZA II CONGRESO PEDAG\u00d3GICO PARA DOCENTES DE PRIMARIA"},"content":{"rendered":"<p>[et_pb_section fb_built=\u00bb1&#8243; theme_builder_area=\u00bbpost_content\u00bb _builder_version=\u00bb4.27.3&#8243; _module_preset=\u00bbdefault\u00bb da_is_popup=\u00bboff\u00bb da_exit_intent=\u00bboff\u00bb da_has_close=\u00bbon\u00bb da_alt_close=\u00bboff\u00bb da_dark_close=\u00bboff\u00bb da_not_modal=\u00bbon\u00bb da_is_singular=\u00bboff\u00bb da_with_loader=\u00bboff\u00bb da_has_shadow=\u00bbon\u00bb da_disable_devices=\u00bboff|off|off\u00bb][et_pb_row _builder_version=\u00bb4.27.3&#8243; _module_preset=\u00bbdefault\u00bb theme_builder_area=\u00bbpost_content\u00bb][et_pb_column _builder_version=\u00bb4.27.3&#8243; _module_preset=\u00bbdefault\u00bb type=\u00bb4_4&#8243; theme_builder_area=\u00bbpost_content\u00bb][et_pb_text _builder_version=\u00bb4.27.3&#8243; _module_preset=\u00bbdefault\u00bb theme_builder_area=\u00bbpost_content\u00bb hover_enabled=\u00bb0&#8243; sticky_enabled=\u00bb0&#8243;]<\/p>\n<p>Con el firme compromiso de fortalecer las capacidades pedag\u00f3gicas de nuestros docentes y directivos, la UGEL 04 llev\u00f3 a cabo el II Congreso Pedag\u00f3gico de nivel primario, realizado en el auditorio de la Municipalidad de Comas, el cual desarroll\u00f3 tem\u00e1ticas relacionadas con la valoraci\u00f3n de la formaci\u00f3n continua, el fortalecimiento de competencias pedag\u00f3gicas y la implementaci\u00f3n de estrategias innovadoras para una educaci\u00f3n de calidad.<\/p>\n<p>La Mg. Sof\u00eda Bahamonde, experta en educaci\u00f3n, fue la encargada de abrir las conferencias, enfoc\u00e1ndose en la formaci\u00f3n integral de los educadores y en brindar las pautas que justifican la necesidad de una constante actualizaci\u00f3n pedag\u00f3gica. Posteriormente, el especialista Olber Mu\u00f1oz ofreci\u00f3 una ponencia sobre los retos de la evaluaci\u00f3n educativa en el nivel primario, destacando las competencias necesarias para la gesti\u00f3n efectiva de los datos en el aula.<\/p>\n<p>El congreso que tuvo como objetivo principal mejorar el desempe\u00f1o docente en las aulas, cont\u00f3 con la presencia del jefe de la AGEBRE, Jhony Ventura, quien brind\u00f3 las palabras de apertura, agradeciendo la presencia de todos los participantes y destacando la relevancia de este espacio de aprendizaje que beneficiar\u00e1 a toda la comunidad educativa.<\/p>\n<p>Por su parte, los especialistas de la AGEBRE guiaron a los docentes durante todo el evento, facilitando su ubicaci\u00f3n y participaci\u00f3n. Este equipo fue clave en la organizaci\u00f3n del congreso, asegurando que los asistentes pudieran aprovechar al m\u00e1ximo las competencias pedag\u00f3gicas.<\/p>\n<p>El congreso forma parte de una serie de acciones que la UGEL 04 ha venido implementando para apoyar y fortalecer el trabajo de los docentes y directivos en su jurisdicci\u00f3n, proporcionando a los educadores herramientas y conocimientos actualizados que impacten positivamente en el aprendizaje de los estudiantes.<\/p>\n<p>Cabe se\u00f1alar que, como parte de estas actividades de fortalecimiento educativo, a finales de noviembre se llevar\u00e1 a cabo la Feria Pedag\u00f3gica en el Colegio Estados Unidos de Comas, con la participaci\u00f3n de las 27 Redes Educativas Institucionales de nuestra jurisdicci\u00f3n.<\/p>\n<p>[\/et_pb_text][\/et_pb_column][\/et_pb_row][\/et_pb_section]<\/p>\n","protected":false},"excerpt":{"rendered":"<p>Con el firme compromiso de fortalecer las capacidades pedag\u00f3gicas de nuestros docentes y directivos, la UGEL 04 llev\u00f3 a cabo el II Congreso Pedag\u00f3gico de nivel primario, realizado en el [&hellip;]<\/p>\n","protected":false},"author":1,"featured_media":257811,"comment_status":"open","ping_status":"open","sticky":false,"template":"","format":"standard","meta":{"_et_pb_use_builder":"on","_et_pb_old_content":"","_et_gb_content_width":"1080","footnotes":""},"categories":[10],"tags":[],"class_list":["post-257810","post","type-post","status-publish","format-standard","has-post-thumbnail","hentry","category-noticias"],"_links":{"self":[{"href":"https:\/\/ugel04.gob.pe\/home\/wp-json\/wp\/v2\/posts\/257810","targetHints":{"allow":["GET"]}}],"collection":[{"href":"https:\/\/ugel04.gob.pe\/home\/wp-json\/wp\/v2\/posts"}],"about":[{"href":"https:\/\/ugel04.gob.pe\/home\/wp-json\/wp\/v2\/types\/post"}],"author":[{"embeddable":true,"href":"https:\/\/ugel04.gob.pe\/home\/wp-json\/wp\/v2\/users\/1"}],"replies":[{"embeddable":true,"href":"https:\/\/ugel04.gob.pe\/home\/wp-json\/wp\/v2\/comments?post=257810"}],"version-history":[{"count":2,"href":"https:\/\/ugel04.gob.pe\/home\/wp-json\/wp\/v2\/posts\/257810\/revisions"}],"predecessor-version":[{"id":257813,"href":"https:\/\/ugel04.gob.pe\/home\/wp-json\/wp\/v2\/posts\/257810\/revisions\/257813"}],"wp:featuredmedia":[{"embeddable":true,"href":"https:\/\/ugel04.gob.pe\/home\/wp-json\/wp\/v2\/media\/257811"}],"wp:attachment":[{"href":"https:\/\/ugel04.gob.pe\/home\/wp-json\/wp\/v2\/media?parent=257810"}],"wp:term":[{"taxonomy":"category","embeddable":true,"href":"https:\/\/ugel04.gob.pe\/home\/wp-json\/wp\/v2\/categories?post=257810"},{"taxonomy":"post_tag","embeddable":true,"href":"https:\/\/ugel04.gob.pe\/home\/wp-json\/wp\/v2\/tags?post=257810"}],"curies":[{"name":"wp","href":"https:\/\/api.w.org\/{rel}","templated":true}]}}