{"id":257767,"date":"2024-11-08T14:47:02","date_gmt":"2024-11-08T19:47:02","guid":{"rendered":"https:\/\/ugel04.gob.pe\/home\/?p=257767"},"modified":"2024-11-08T14:47:09","modified_gmt":"2024-11-08T19:47:09","slug":"estudiantes-de-nivel-inicial-participan-en-primera-feria-de-matematicas-organizada-por-la-ugel-04","status":"publish","type":"post","link":"https:\/\/ugel04.gob.pe\/home\/estudiantes-de-nivel-inicial-participan-en-primera-feria-de-matematicas-organizada-por-la-ugel-04\/","title":{"rendered":"ESTUDIANTES DE NIVEL INICIAL PARTICIPAN EN PRIMERA FERIA DE MATEM\u00c1TICAS ORGANIZADA POR LA UGEL 04"},"content":{"rendered":"<p>[et_pb_section fb_built=\u00bb1&#8243; theme_builder_area=\u00bbpost_content\u00bb _builder_version=\u00bb4.27.2&#8243; _module_preset=\u00bbdefault\u00bb da_is_popup=\u00bboff\u00bb da_exit_intent=\u00bboff\u00bb da_has_close=\u00bbon\u00bb da_alt_close=\u00bboff\u00bb da_dark_close=\u00bboff\u00bb da_not_modal=\u00bbon\u00bb da_is_singular=\u00bboff\u00bb da_with_loader=\u00bboff\u00bb da_has_shadow=\u00bbon\u00bb da_disable_devices=\u00bboff|off|off\u00bb][et_pb_row _builder_version=\u00bb4.27.2&#8243; _module_preset=\u00bbdefault\u00bb theme_builder_area=\u00bbpost_content\u00bb][et_pb_column _builder_version=\u00bb4.27.2&#8243; _module_preset=\u00bbdefault\u00bb type=\u00bb4_4&#8243; theme_builder_area=\u00bbpost_content\u00bb][et_pb_text _builder_version=\u00bb4.27.2&#8243; _module_preset=\u00bbdefault\u00bb theme_builder_area=\u00bbpost_content\u00bb hover_enabled=\u00bb0&#8243; sticky_enabled=\u00bb0&#8243;]<\/p>\n<p>Con el objetivo de ofrecer estrategias innovadoras y materiales did\u00e1cticos que enriquezcan la pr\u00e1ctica pedag\u00f3gica y apoyen el desarrollo de las habilidades matem\u00e1ticas en los estudiantes, la UGEL 04 a trav\u00e9s de AGEBRE organiz\u00f3 la primera feria \u00abMatem\u00e1tica Divertida\u00bb, dirigida a ni\u00f1os de 5 a\u00f1os del nivel inicial.<\/p>\n<p>Durante el evento realizado de manera simult\u00e1nea en el Parque de la Cultura en Puente Piedra y el Centro C\u00edvico de Comas, las maestras y sus estudiantes exhibieron en coloridos stands, diversos juegos l\u00fadicos, como cubos y pelotas, los mismos que sirvieron de herramientas a los ni\u00f1os para explicar los aprendido.<\/p>\n<p>Cabe resaltar que este proyecto surgi\u00f3 al identificar las dificultades que los ni\u00f1os presentan para desarrollar competencias matem\u00e1ticas; por ello, se apost\u00f3 por actividades l\u00fadicas que favorecieran aprendizajes significativos y que, mediante el juego, los menores pudieran resolver peque\u00f1os problemas y adquirir nuevos conocimientos.<\/p>\n<p>La iniciativa busca estimular la curiosidad, el razonamiento y la argumentaci\u00f3n, promoviendo el pensamiento cr\u00edtico y la resoluci\u00f3n de problemas en los m\u00e1s peque\u00f1os.<\/p>\n<p>El evento cont\u00f3 con la presencia de Jhony Ventura, jefe de AGEBRE, y especialistas del nivel inicial, quienes recorrieron los stands y observaron el entusiasmo de las maestras, los ni\u00f1os y los padres de familia. En Comas, se presentaron 15 stands, mientras que en Puente Piedra fueron 12, todos ellos llenos de figuras y colores que captaron la atenci\u00f3n de los asistentes.<\/p>\n<p>Agradecemos especialmente a la Instituci\u00f3n Educativa Talentos de Comas, que nos apoy\u00f3 con un show de t\u00edteres que cautiv\u00f3 tanto a los estudiantes como a los padres de familia, a\u00f1adiendo un toque de magia y diversi\u00f3n a la jornada.<\/p>\n<p>&nbsp;<\/p>\n<p>[\/et_pb_text][\/et_pb_column][\/et_pb_row][\/et_pb_section]<\/p>\n","protected":false},"excerpt":{"rendered":"<p>Con el objetivo de ofrecer estrategias innovadoras y materiales did\u00e1cticos que enriquezcan la pr\u00e1ctica pedag\u00f3gica y apoyen el desarrollo de las habilidades matem\u00e1ticas en los estudiantes, la UGEL 04 a [&hellip;]<\/p>\n","protected":false},"author":1,"featured_media":257768,"comment_status":"open","ping_status":"open","sticky":false,"template":"","format":"standard","meta":{"_et_pb_use_builder":"on","_et_pb_old_content":"","_et_gb_content_width":"1080","footnotes":""},"categories":[10],"tags":[],"class_list":["post-257767","post","type-post","status-publish","format-standard","has-post-thumbnail","hentry","category-noticias"],"_links":{"self":[{"href":"https:\/\/ugel04.gob.pe\/home\/wp-json\/wp\/v2\/posts\/257767","targetHints":{"allow":["GET"]}}],"collection":[{"href":"https:\/\/ugel04.gob.pe\/home\/wp-json\/wp\/v2\/posts"}],"about":[{"href":"https:\/\/ugel04.gob.pe\/home\/wp-json\/wp\/v2\/types\/post"}],"author":[{"embeddable":true,"href":"https:\/\/ugel04.gob.pe\/home\/wp-json\/wp\/v2\/users\/1"}],"replies":[{"embeddable":true,"href":"https:\/\/ugel04.gob.pe\/home\/wp-json\/wp\/v2\/comments?post=257767"}],"version-history":[{"count":2,"href":"https:\/\/ugel04.gob.pe\/home\/wp-json\/wp\/v2\/posts\/257767\/revisions"}],"predecessor-version":[{"id":257770,"href":"https:\/\/ugel04.gob.pe\/home\/wp-json\/wp\/v2\/posts\/257767\/revisions\/257770"}],"wp:featuredmedia":[{"embeddable":true,"href":"https:\/\/ugel04.gob.pe\/home\/wp-json\/wp\/v2\/media\/257768"}],"wp:attachment":[{"href":"https:\/\/ugel04.gob.pe\/home\/wp-json\/wp\/v2\/media?parent=257767"}],"wp:term":[{"taxonomy":"category","embeddable":true,"href":"https:\/\/ugel04.gob.pe\/home\/wp-json\/wp\/v2\/categories?post=257767"},{"taxonomy":"post_tag","embeddable":true,"href":"https:\/\/ugel04.gob.pe\/home\/wp-json\/wp\/v2\/tags?post=257767"}],"curies":[{"name":"wp","href":"https:\/\/api.w.org\/{rel}","templated":true}]}}