{"id":257763,"date":"2024-11-08T14:17:59","date_gmt":"2024-11-08T19:17:59","guid":{"rendered":"https:\/\/ugel04.gob.pe\/home\/?p=257763"},"modified":"2024-11-08T14:56:23","modified_gmt":"2024-11-08T19:56:23","slug":"docentes-reciben-capacitaciones-educativas-para-combatir-violencia-escolar-en-colegios","status":"publish","type":"post","link":"https:\/\/ugel04.gob.pe\/home\/docentes-reciben-capacitaciones-educativas-para-combatir-violencia-escolar-en-colegios\/","title":{"rendered":"DOCENTES RECIBEN CAPACITACI\u00d3N EN PREVENCI\u00d3N DE LA VIOLENCIA ESCOLAR EN INSTITUCIONES EDUCATIVAS DE NIVEL PRIMARIA"},"content":{"rendered":"<p>[et_pb_section fb_built=\u00bb1&#8243; _builder_version=\u00bb4.27.2&#8243; _module_preset=\u00bbdefault\u00bb da_disable_devices=\u00bboff|off|off\u00bb global_colors_info=\u00bb{}\u00bb da_is_popup=\u00bboff\u00bb da_exit_intent=\u00bboff\u00bb da_has_close=\u00bbon\u00bb da_alt_close=\u00bboff\u00bb da_dark_close=\u00bboff\u00bb da_not_modal=\u00bbon\u00bb da_is_singular=\u00bboff\u00bb da_with_loader=\u00bboff\u00bb da_has_shadow=\u00bbon\u00bb][et_pb_row _builder_version=\u00bb4.27.2&#8243; _module_preset=\u00bbdefault\u00bb global_colors_info=\u00bb{}\u00bb][et_pb_column type=\u00bb4_4&#8243; _builder_version=\u00bb4.27.2&#8243; _module_preset=\u00bbdefault\u00bb global_colors_info=\u00bb{}\u00bb][et_pb_text _builder_version=\u00bb4.27.2&#8243; _module_preset=\u00bbdefault\u00bb global_colors_info=\u00bb{}\u00bb]<\/p>\n<p>En un trabajo articulado entre P1002 de UGEL 04 y UNICEF, organizaron una serie de charlas educativas dirigidas a docentes de colegios p\u00fablicos focalizados de los distritos de Comas y Carabayllo, con el objetivo de prevenir la violencia escolar, en especial aquella vinculada con el \u00e1mbito sexual, promoviendo as\u00ed el bienestar emocional de los estudiantes.<\/p>\n<p>Estas actividades forman parte del Programa Presupuestal 1002 de AGEBRE, que se enfoca en implementar intervenciones educativas basadas en el desarrollo de habilidades socioemocionales.<\/p>\n<p>En este contexto, durante el presente a\u00f1o se llevaron a cabo tres capacitaciones dirigidas a docentes de primer a sexto grado de primaria pertenecientes a instituciones educativas como Fe y Alegr\u00eda 08, Santa Rosa de Carabayllo, Virgen de F\u00e1tima, entre otros.<\/p>\n<p>La primera capacitaci\u00f3n realizada en mayo, estuvo centrada en el desarrollo de habilidades socioemocionales, brindando a los docentes herramientas para trabajar con los estudiantes de quinto y sexto grado. La segunda capacitaci\u00f3n, llevada a cabo en agosto, tuvo como eje la prevenci\u00f3n de la violencia sexual, un tema clave para crear ambientes escolares seguros y protegidos.<\/p>\n<p>Finalmente, en la jornada de clausura, se abord\u00f3 la creaci\u00f3n de brigadas de prevenci\u00f3n, con el apoyo de UNICEF, cuyos representantes entregaron materiales did\u00e1cticos a los docentes para fortalecer su labor educativa y ayudarles en la formaci\u00f3n de los estudiantes.<\/p>\n<p>La actividad de clausura se celebr\u00f3 en la IE Fe y Alegr\u00eda 08, en el distrito de Comas, con la presencia de Jhony Ventura, jefe de AGEBRE, as\u00ed como representantes de UNICEF, entidad que proporcion\u00f3 los materiales que servir\u00e1n como recursos educativos de uso docente para la implementaci\u00f3n de las estrategias de prevenci\u00f3n y bienestar emocional con sus estudiantes.<\/p>\n<p>Este programa ha demostrado ser fundamental para combatir la violencia escolar, promoviendo la educaci\u00f3n emocional como herramienta central.<\/p>\n<p>UNICEF ha jugado un papel clave en este proceso, ofreciendo apoyo y recursos valiosos para garantizar que los docentes cuenten con las herramientas necesarias para crear un entorno educativo seguro y saludable para todos los estudiantes.<\/p>\n<p>[\/et_pb_text][\/et_pb_column][\/et_pb_row][\/et_pb_section]<\/p>\n","protected":false},"excerpt":{"rendered":"<p>En un trabajo articulado entre P1002 de UGEL 04 y UNICEF, organizaron una serie de charlas educativas dirigidas a docentes de colegios p\u00fablicos focalizados de los distritos de Comas y [&hellip;]<\/p>\n","protected":false},"author":1,"featured_media":257764,"comment_status":"open","ping_status":"open","sticky":false,"template":"","format":"standard","meta":{"_et_pb_use_builder":"on","_et_pb_old_content":"","_et_gb_content_width":"1080","footnotes":""},"categories":[10],"tags":[],"class_list":["post-257763","post","type-post","status-publish","format-standard","has-post-thumbnail","hentry","category-noticias"],"_links":{"self":[{"href":"https:\/\/ugel04.gob.pe\/home\/wp-json\/wp\/v2\/posts\/257763","targetHints":{"allow":["GET"]}}],"collection":[{"href":"https:\/\/ugel04.gob.pe\/home\/wp-json\/wp\/v2\/posts"}],"about":[{"href":"https:\/\/ugel04.gob.pe\/home\/wp-json\/wp\/v2\/types\/post"}],"author":[{"embeddable":true,"href":"https:\/\/ugel04.gob.pe\/home\/wp-json\/wp\/v2\/users\/1"}],"replies":[{"embeddable":true,"href":"https:\/\/ugel04.gob.pe\/home\/wp-json\/wp\/v2\/comments?post=257763"}],"version-history":[{"count":4,"href":"https:\/\/ugel04.gob.pe\/home\/wp-json\/wp\/v2\/posts\/257763\/revisions"}],"predecessor-version":[{"id":257772,"href":"https:\/\/ugel04.gob.pe\/home\/wp-json\/wp\/v2\/posts\/257763\/revisions\/257772"}],"wp:featuredmedia":[{"embeddable":true,"href":"https:\/\/ugel04.gob.pe\/home\/wp-json\/wp\/v2\/media\/257764"}],"wp:attachment":[{"href":"https:\/\/ugel04.gob.pe\/home\/wp-json\/wp\/v2\/media?parent=257763"}],"wp:term":[{"taxonomy":"category","embeddable":true,"href":"https:\/\/ugel04.gob.pe\/home\/wp-json\/wp\/v2\/categories?post=257763"},{"taxonomy":"post_tag","embeddable":true,"href":"https:\/\/ugel04.gob.pe\/home\/wp-json\/wp\/v2\/tags?post=257763"}],"curies":[{"name":"wp","href":"https:\/\/api.w.org\/{rel}","templated":true}]}}