{"id":257746,"date":"2024-11-06T10:48:39","date_gmt":"2024-11-06T15:48:39","guid":{"rendered":"https:\/\/ugel04.gob.pe\/home\/?p=257746"},"modified":"2024-11-06T10:48:54","modified_gmt":"2024-11-06T15:48:54","slug":"en-festival-de-resolucion-de-problemas-estudiantes-fortalecen-competencias-matematicas","status":"publish","type":"post","link":"https:\/\/ugel04.gob.pe\/home\/en-festival-de-resolucion-de-problemas-estudiantes-fortalecen-competencias-matematicas\/","title":{"rendered":"EN \u201cFESTIVAL DE RESOLUCI\u00d3N DE PROBLEMAS\u201d ESTUDIANTES FORTALECEN COMPETENCIAS MATEM\u00c1TICAS"},"content":{"rendered":"<p>[et_pb_section fb_built=\u00bb1&#8243; theme_builder_area=\u00bbpost_content\u00bb _builder_version=\u00bb4.27.2&#8243; _module_preset=\u00bbdefault\u00bb da_is_popup=\u00bboff\u00bb da_exit_intent=\u00bboff\u00bb da_has_close=\u00bbon\u00bb da_alt_close=\u00bboff\u00bb da_dark_close=\u00bboff\u00bb da_not_modal=\u00bbon\u00bb da_is_singular=\u00bboff\u00bb da_with_loader=\u00bboff\u00bb da_has_shadow=\u00bbon\u00bb da_disable_devices=\u00bboff|off|off\u00bb][et_pb_row _builder_version=\u00bb4.27.2&#8243; _module_preset=\u00bbdefault\u00bb theme_builder_area=\u00bbpost_content\u00bb][et_pb_column _builder_version=\u00bb4.27.2&#8243; _module_preset=\u00bbdefault\u00bb type=\u00bb4_4&#8243; theme_builder_area=\u00bbpost_content\u00bb][et_pb_text _builder_version=\u00bb4.27.2&#8243; _module_preset=\u00bbdefault\u00bb theme_builder_area=\u00bbpost_content\u00bb hover_enabled=\u00bb0&#8243; sticky_enabled=\u00bb0&#8243;]<\/p>\n<p>Con el lema <em>\u00ab<\/em>Piensa diferente, resuelve con ingenio<em>\u00ab<\/em>, la UGEL 04 organiz\u00f3 el Primer Festival de Resoluci\u00f3n de Problemas, una jornada destinada a potenciar las competencias matem\u00e1ticas de los estudiantes de cuarto grado de primaria, y a motivar a la comunidad educativa en el proceso de razonamiento matem\u00e1tico.<\/p>\n<p>El evento, llevado a cabo en las instalaciones de la I.E. Estados Unidos en Comas, reuni\u00f3 a 140 estudiantes de diversas instituciones educativas p\u00fablicas de nuestra jurisdicci\u00f3n.<\/p>\n<p>Durante el festival, los estudiantes resolvieron una serie de problemas matem\u00e1ticos en seis aulas acondicionadas especialmente para la evaluaci\u00f3n, bajo la supervisi\u00f3n de los especialistas en educaci\u00f3n de la UGEL 04.<\/p>\n<p>Los ex\u00e1menes fueron dise\u00f1ados por los especialistas del nivel primaria de AGEBRE, siguiendo el enfoque propuesto por el Ministerio de Educaci\u00f3n, cuyo objetivo es preparar a los estudiantes para enfrentar con solvencia desaf\u00edos acad\u00e9micos futuros, como la Evaluaci\u00f3n Nacional de Logros de Aprendizaje (ENLA), que se realizar\u00e1 el 19 y 20 de noviembre.<\/p>\n<p>El evento tambi\u00e9n signific\u00f3 una oportunidad para que los estudiantes demuestren sus habilidades en resoluci\u00f3n de problemas, potencien su creatividad y desarrollen el pensamiento cr\u00edtico.<\/p>\n<p>Los docentes coincidieron en que este tipo de festivales fomenta una competencia sana y refuerza el inter\u00e9s de los estudiantes por las matem\u00e1ticas, \u00e1rea clave en su desarrollo acad\u00e9mico.<\/p>\n<p>Cabe destacar que estos estudiantes fueron seleccionados previamente a trav\u00e9s de un concurso interno en sus respectivas instituciones, lo que les permiti\u00f3 competir con otros colegios de la UGEL 04.<\/p>\n<p>Nuestra entidad agradece la participaci\u00f3n activa de las instituciones educativas y las familias, reafirmando su compromiso de continuar impulsando espacios de aprendizaje y competencia que fortalezcan las capacidades de los estudiantes en \u00e1reas fundamentales como las matem\u00e1ticas.<\/p>\n<p><strong>\u00a0<\/strong><\/p>\n<p>[\/et_pb_text][\/et_pb_column][\/et_pb_row][\/et_pb_section]<\/p>\n","protected":false},"excerpt":{"rendered":"<p>Con el lema \u00abPiensa diferente, resuelve con ingenio\u00bb, la UGEL 04 organiz\u00f3 el Primer Festival de Resoluci\u00f3n de Problemas, una jornada destinada a potenciar las competencias matem\u00e1ticas de los estudiantes [&hellip;]<\/p>\n","protected":false},"author":1,"featured_media":257747,"comment_status":"open","ping_status":"open","sticky":false,"template":"","format":"standard","meta":{"_et_pb_use_builder":"on","_et_pb_old_content":"","_et_gb_content_width":"1080","footnotes":""},"categories":[10],"tags":[],"class_list":["post-257746","post","type-post","status-publish","format-standard","has-post-thumbnail","hentry","category-noticias"],"_links":{"self":[{"href":"https:\/\/ugel04.gob.pe\/home\/wp-json\/wp\/v2\/posts\/257746","targetHints":{"allow":["GET"]}}],"collection":[{"href":"https:\/\/ugel04.gob.pe\/home\/wp-json\/wp\/v2\/posts"}],"about":[{"href":"https:\/\/ugel04.gob.pe\/home\/wp-json\/wp\/v2\/types\/post"}],"author":[{"embeddable":true,"href":"https:\/\/ugel04.gob.pe\/home\/wp-json\/wp\/v2\/users\/1"}],"replies":[{"embeddable":true,"href":"https:\/\/ugel04.gob.pe\/home\/wp-json\/wp\/v2\/comments?post=257746"}],"version-history":[{"count":2,"href":"https:\/\/ugel04.gob.pe\/home\/wp-json\/wp\/v2\/posts\/257746\/revisions"}],"predecessor-version":[{"id":257749,"href":"https:\/\/ugel04.gob.pe\/home\/wp-json\/wp\/v2\/posts\/257746\/revisions\/257749"}],"wp:featuredmedia":[{"embeddable":true,"href":"https:\/\/ugel04.gob.pe\/home\/wp-json\/wp\/v2\/media\/257747"}],"wp:attachment":[{"href":"https:\/\/ugel04.gob.pe\/home\/wp-json\/wp\/v2\/media?parent=257746"}],"wp:term":[{"taxonomy":"category","embeddable":true,"href":"https:\/\/ugel04.gob.pe\/home\/wp-json\/wp\/v2\/categories?post=257746"},{"taxonomy":"post_tag","embeddable":true,"href":"https:\/\/ugel04.gob.pe\/home\/wp-json\/wp\/v2\/tags?post=257746"}],"curies":[{"name":"wp","href":"https:\/\/api.w.org\/{rel}","templated":true}]}}