{"id":257739,"date":"2024-11-05T14:07:41","date_gmt":"2024-11-05T19:07:41","guid":{"rendered":"https:\/\/ugel04.gob.pe\/home\/?p=257739"},"modified":"2024-11-05T14:08:55","modified_gmt":"2024-11-05T19:08:55","slug":"celebramos-21-aniversario-con-exitoso-seminario-pedagogico-nacional","status":"publish","type":"post","link":"https:\/\/ugel04.gob.pe\/home\/celebramos-21-aniversario-con-exitoso-seminario-pedagogico-nacional\/","title":{"rendered":"CELEBRAMOS 21\u00b0 ANIVERSARIO CON EXITOSO SEMINARIO PEDAG\u00d3GICO NACIONAL"},"content":{"rendered":"<p>[et_pb_section fb_built=\u00bb1&#8243; theme_builder_area=\u00bbpost_content\u00bb _builder_version=\u00bb4.27.2&#8243; _module_preset=\u00bbdefault\u00bb da_is_popup=\u00bboff\u00bb da_exit_intent=\u00bboff\u00bb da_has_close=\u00bbon\u00bb da_alt_close=\u00bboff\u00bb da_dark_close=\u00bboff\u00bb da_not_modal=\u00bbon\u00bb da_is_singular=\u00bboff\u00bb da_with_loader=\u00bboff\u00bb da_has_shadow=\u00bbon\u00bb da_disable_devices=\u00bboff|off|off\u00bb][et_pb_row _builder_version=\u00bb4.27.2&#8243; _module_preset=\u00bbdefault\u00bb theme_builder_area=\u00bbpost_content\u00bb][et_pb_column _builder_version=\u00bb4.27.2&#8243; _module_preset=\u00bbdefault\u00bb type=\u00bb4_4&#8243; theme_builder_area=\u00bbpost_content\u00bb][et_pb_text _builder_version=\u00bb4.27.2&#8243; _module_preset=\u00bbdefault\u00bb theme_builder_area=\u00bbpost_content\u00bb hover_enabled=\u00bb0&#8243; sticky_enabled=\u00bb0&#8243;]<\/p>\n<p><strong>En marco de las actividades por su 21\u00b0 aniversario, la UGEL 04 llev\u00f3 a cabo con gran \u00e9xito, el Seminario Pedag\u00f3gico Nacional virtual: \u201cDesarrollo del Pensamiento Complejo y las Habilidades de Orden Superior\u201d, entre el 22 y 30 de octubre, con la participaci\u00f3n de expertos capacitadores de renombre nacional e internacional, logrando un total de 332,300 visualizaciones durante las transmisiones en la p\u00e1gina oficial de Facebook de nuestra entidad; as\u00ed como, un notable incremento de nuevos seguidores.<\/strong><\/p>\n<p>El seminario, que se desarroll\u00f3 a trav\u00e9s de transmisiones en vivo, reuni\u00f3 a docentes de diversas regiones del Per\u00fa, incluyendo Huancavelica, Cusco, Pisco, Callao, entre otros. A lo largo de siete d\u00edas, se abordaron temas de gran relevancia para el desarrollo educativo del pa\u00eds, especialmente en \u00e1reas clave como el pensamiento cr\u00edtico, la creatividad, las competencias del siglo XXI y la neurociencia aplicada al aprendizaje.<\/p>\n<p>Los ponentes invitados ofrecieron valiosos conocimientos y estrategias pr\u00e1cticas para fortalecer las habilidades pedag\u00f3gicas de los docentes:<\/p>\n<ul>\n<li>D\u00eda 1: El doctor <strong>Luis Bretel<\/strong> present\u00f3 una conferencia sobre c\u00f3mo evaluar competencias paso a paso, proporcionando herramientas clave para una evaluaci\u00f3n efectiva.<\/li>\n<li>D\u00eda 2: La docente <strong>Selene Chijchiapaza<\/strong> comparti\u00f3 estrategias para el desarrollo del pensamiento cr\u00edtico y creativo, cruciales para la formaci\u00f3n de estudiantes aut\u00f3nomos.<\/li>\n<li>D\u00eda 3: <strong>Walter Vel\u00e1squez<\/strong>, creador de Kipi, el primer robot multiling\u00fce del Per\u00fa, destac\u00f3 el poder de la curiosidad y la creatividad en la educaci\u00f3n desde la escuela.<\/li>\n<li>D\u00eda 4: <strong>Andr\u00e9s Mahr Calle<\/strong> explic\u00f3 el Dise\u00f1o Universal para el Aprendizaje (DUA), una metodolog\u00eda inclusiva para mejorar la accesibilidad al aprendizaje en el aula.<\/li>\n<li>D\u00edas 5 y 6: El reconocido docente <strong>Julio Acu\u00f1a<\/strong> profundiz\u00f3 en el desarrollo del pensamiento complejo y las habilidades de orden superior, adem\u00e1s de analizar las evidencias, la retroalimentaci\u00f3n y las conclusiones descriptivas en el proceso de ense\u00f1anza.<\/li>\n<li>D\u00eda 7: Para cerrar el seminario, <strong>Elizabeth Flores<\/strong> ofreci\u00f3 una conferencia sobre los aportes de la neurociencia para el aprendizaje y el desarrollo socioemocional de los estudiantes.<\/li>\n<\/ul>\n<p>Cabe recalcar que, se otorgar\u00e1 un certificado digital gratuito de 32 horas a todos los docentes que se inscribieron y participaron en los webinar. Debemos resaltar que esta iniciativa formativa reafirma el compromiso de la UGEL 04 por impulsar la calidad educativa y brindar a los docentes herramientas innovadoras y de alto nivel.<\/p>\n<p>La UGEL 04 agradece la gran acogida recibida durante los siete d\u00edas de transmisi\u00f3n en vivo y reafirma su compromiso con la educaci\u00f3n; asegurando que se seguir\u00e1n organizando eventos y ponencias de calidad para seguir fortaleciendo los aprendizajes en el Per\u00fa.<\/p>\n<p>[\/et_pb_text][\/et_pb_column][\/et_pb_row][\/et_pb_section]<\/p>\n","protected":false},"excerpt":{"rendered":"<p>En marco de las actividades por su 21\u00b0 aniversario, la UGEL 04 llev\u00f3 a cabo con gran \u00e9xito, el Seminario Pedag\u00f3gico Nacional virtual: \u201cDesarrollo del Pensamiento Complejo y las Habilidades [&hellip;]<\/p>\n","protected":false},"author":1,"featured_media":257740,"comment_status":"closed","ping_status":"closed","sticky":false,"template":"","format":"standard","meta":{"_et_pb_use_builder":"on","_et_pb_old_content":"","_et_gb_content_width":"1080","footnotes":""},"categories":[10],"tags":[],"class_list":["post-257739","post","type-post","status-publish","format-standard","has-post-thumbnail","hentry","category-noticias"],"_links":{"self":[{"href":"https:\/\/ugel04.gob.pe\/home\/wp-json\/wp\/v2\/posts\/257739","targetHints":{"allow":["GET"]}}],"collection":[{"href":"https:\/\/ugel04.gob.pe\/home\/wp-json\/wp\/v2\/posts"}],"about":[{"href":"https:\/\/ugel04.gob.pe\/home\/wp-json\/wp\/v2\/types\/post"}],"author":[{"embeddable":true,"href":"https:\/\/ugel04.gob.pe\/home\/wp-json\/wp\/v2\/users\/1"}],"replies":[{"embeddable":true,"href":"https:\/\/ugel04.gob.pe\/home\/wp-json\/wp\/v2\/comments?post=257739"}],"version-history":[{"count":2,"href":"https:\/\/ugel04.gob.pe\/home\/wp-json\/wp\/v2\/posts\/257739\/revisions"}],"predecessor-version":[{"id":257742,"href":"https:\/\/ugel04.gob.pe\/home\/wp-json\/wp\/v2\/posts\/257739\/revisions\/257742"}],"wp:featuredmedia":[{"embeddable":true,"href":"https:\/\/ugel04.gob.pe\/home\/wp-json\/wp\/v2\/media\/257740"}],"wp:attachment":[{"href":"https:\/\/ugel04.gob.pe\/home\/wp-json\/wp\/v2\/media?parent=257739"}],"wp:term":[{"taxonomy":"category","embeddable":true,"href":"https:\/\/ugel04.gob.pe\/home\/wp-json\/wp\/v2\/categories?post=257739"},{"taxonomy":"post_tag","embeddable":true,"href":"https:\/\/ugel04.gob.pe\/home\/wp-json\/wp\/v2\/tags?post=257739"}],"curies":[{"name":"wp","href":"https:\/\/api.w.org\/{rel}","templated":true}]}}