{"id":257688,"date":"2024-10-26T12:26:16","date_gmt":"2024-10-26T17:26:16","guid":{"rendered":"https:\/\/ugel04.gob.pe\/home\/?p=257688"},"modified":"2024-10-26T12:27:19","modified_gmt":"2024-10-26T17:27:19","slug":"ie-5179-los-pinos-destaco-en-semana-de-la-educacion-ambiental","status":"publish","type":"post","link":"https:\/\/ugel04.gob.pe\/home\/ie-5179-los-pinos-destaco-en-semana-de-la-educacion-ambiental\/","title":{"rendered":"IE 5179 Los Pinos destac\u00f3 en Semana de la Educaci\u00f3n Ambiental"},"content":{"rendered":"\n[et_pb_section fb_built=\u00bb1&#8243; theme_builder_area=\u00bbpost_content\u00bb _builder_version=\u00bb4.27.2&#8243; _module_preset=\u00bbdefault\u00bb da_is_popup=\u00bboff\u00bb da_exit_intent=\u00bboff\u00bb da_has_close=\u00bbon\u00bb da_alt_close=\u00bboff\u00bb da_dark_close=\u00bboff\u00bb da_not_modal=\u00bbon\u00bb da_is_singular=\u00bboff\u00bb da_with_loader=\u00bboff\u00bb da_has_shadow=\u00bbon\u00bb da_disable_devices=\u00bboff|off|off\u00bb][et_pb_row _builder_version=\u00bb4.27.2&#8243; _module_preset=\u00bbdefault\u00bb theme_builder_area=\u00bbpost_content\u00bb][et_pb_column _builder_version=\u00bb4.27.2&#8243; _module_preset=\u00bbdefault\u00bb type=\u00bb4_4&#8243; theme_builder_area=\u00bbpost_content\u00bb][et_pb_text _builder_version=\u00bb4.27.2&#8243; _module_preset=\u00bbdefault\u00bb theme_builder_area=\u00bbpost_content\u00bb hover_enabled=\u00bb0&#8243; sticky_enabled=\u00bb0&#8243;]<p><strong>La Instituci\u00f3n Educativa P\u00fablica 5179 Los Pinos se destac\u00f3 en la Semana de la Educaci\u00f3n Ambiental en el Per\u00fa, un evento organizado por la Direcci\u00f3n Regional de Educaci\u00f3n de Lima Metropolitana (DRELM) y el Municipio de Independencia. Con su innovador proyecto \u00abPromovamos la Tenencia Responsable de Mascotas y el Cuidado del Medio Ambiente\u00bb, los estudiantes de Los Pinos cautivaron al p\u00fablico y al jurado con ideas creativas sobre reciclaje y respeto por los animales.<\/strong><\/p>\n<p>Escolares de las siete UGEL participaron en esta importante jornada, junto a instituciones como Qali Warma, SUNASS, el Ministerio de Salud y la Autoridad Nacional del Agua, quienes presentaron sus propuestas para un planeta m\u00e1s sostenible.<\/p>\n<p>La UGEL 04, comprometida con el cuidado del medio ambiente, se hizo presente para apoyar el proyecto de la IE 5179, reconociendo el esfuerzo de los j\u00f3venes por generar conciencia ambiental. Padres de familia y miembros del p\u00fablico en general elogiaron la iniciativa, celebrando el compromiso de los estudiantes por proteger nuestro planeta.<\/p>\n<p>Este evento no solo fue una plataforma para la creatividad, sino tambi\u00e9n una jornada inspiradora que destac\u00f3 la importancia de la educaci\u00f3n ambiental y la responsabilidad social. La IE 5179 Los Pinos contin\u00faa demostrando que los j\u00f3venes pueden ser agentes de cambio y promotores de un futuro m\u00e1s sostenible.<\/p>[\/et_pb_text][\/et_pb_column][\/et_pb_row][\/et_pb_section]\n","protected":false},"excerpt":{"rendered":"<p>La Instituci\u00f3n Educativa P\u00fablica 5179 Los Pinos se destac\u00f3 en la Semana de la Educaci\u00f3n Ambiental en el Per\u00fa, un evento organizado por la Direcci\u00f3n Regional de Educaci\u00f3n de Lima [&hellip;]<\/p>\n","protected":false},"author":1,"featured_media":257689,"comment_status":"closed","ping_status":"closed","sticky":false,"template":"","format":"standard","meta":{"_et_pb_use_builder":"on","_et_pb_old_content":"","_et_gb_content_width":"1080","footnotes":""},"categories":[10],"tags":[],"class_list":["post-257688","post","type-post","status-publish","format-standard","has-post-thumbnail","hentry","category-noticias"],"_links":{"self":[{"href":"https:\/\/ugel04.gob.pe\/home\/wp-json\/wp\/v2\/posts\/257688","targetHints":{"allow":["GET"]}}],"collection":[{"href":"https:\/\/ugel04.gob.pe\/home\/wp-json\/wp\/v2\/posts"}],"about":[{"href":"https:\/\/ugel04.gob.pe\/home\/wp-json\/wp\/v2\/types\/post"}],"author":[{"embeddable":true,"href":"https:\/\/ugel04.gob.pe\/home\/wp-json\/wp\/v2\/users\/1"}],"replies":[{"embeddable":true,"href":"https:\/\/ugel04.gob.pe\/home\/wp-json\/wp\/v2\/comments?post=257688"}],"version-history":[{"count":4,"href":"https:\/\/ugel04.gob.pe\/home\/wp-json\/wp\/v2\/posts\/257688\/revisions"}],"predecessor-version":[{"id":257693,"href":"https:\/\/ugel04.gob.pe\/home\/wp-json\/wp\/v2\/posts\/257688\/revisions\/257693"}],"wp:featuredmedia":[{"embeddable":true,"href":"https:\/\/ugel04.gob.pe\/home\/wp-json\/wp\/v2\/media\/257689"}],"wp:attachment":[{"href":"https:\/\/ugel04.gob.pe\/home\/wp-json\/wp\/v2\/media?parent=257688"}],"wp:term":[{"taxonomy":"category","embeddable":true,"href":"https:\/\/ugel04.gob.pe\/home\/wp-json\/wp\/v2\/categories?post=257688"},{"taxonomy":"post_tag","embeddable":true,"href":"https:\/\/ugel04.gob.pe\/home\/wp-json\/wp\/v2\/tags?post=257688"}],"curies":[{"name":"wp","href":"https:\/\/api.w.org\/{rel}","templated":true}]}}