{"id":257671,"date":"2024-10-24T15:39:17","date_gmt":"2024-10-24T20:39:17","guid":{"rendered":"https:\/\/ugel04.gob.pe\/home\/?p=257671"},"modified":"2024-10-24T15:39:23","modified_gmt":"2024-10-24T20:39:23","slug":"ie-2048-jose-c-mariategui-rinde-homenaje-a-escritor-cronwell-jara-con-una-biblioteca-que-lleva-su-nombre","status":"publish","type":"post","link":"https:\/\/ugel04.gob.pe\/home\/ie-2048-jose-c-mariategui-rinde-homenaje-a-escritor-cronwell-jara-con-una-biblioteca-que-lleva-su-nombre\/","title":{"rendered":"IE 2048 JOS\u00c9 C. MARI\u00c1TEGUI RINDE HOMENAJE A ESCRITOR CRONWELL JARA CON UNA BIBLIOTECA QUE LLEVA SU NOMBRE"},"content":{"rendered":"<p>[et_pb_section fb_built=\u00bb1&#8243; theme_builder_area=\u00bbpost_content\u00bb _builder_version=\u00bb4.27.2&#8243; _module_preset=\u00bbdefault\u00bb da_is_popup=\u00bboff\u00bb da_exit_intent=\u00bboff\u00bb da_has_close=\u00bbon\u00bb da_alt_close=\u00bboff\u00bb da_dark_close=\u00bboff\u00bb da_not_modal=\u00bbon\u00bb da_is_singular=\u00bboff\u00bb da_with_loader=\u00bboff\u00bb da_has_shadow=\u00bbon\u00bb da_disable_devices=\u00bboff|off|off\u00bb][et_pb_row _builder_version=\u00bb4.27.2&#8243; _module_preset=\u00bbdefault\u00bb theme_builder_area=\u00bbpost_content\u00bb][et_pb_column _builder_version=\u00bb4.27.2&#8243; _module_preset=\u00bbdefault\u00bb type=\u00bb4_4&#8243; theme_builder_area=\u00bbpost_content\u00bb][et_pb_text _builder_version=\u00bb4.27.2&#8243; _module_preset=\u00bbdefault\u00bb theme_builder_area=\u00bbpost_content\u00bb hover_enabled=\u00bb0&#8243; sticky_enabled=\u00bb0&#8243;]<\/p>\n<p>En una jornada llena de emoci\u00f3n, la comunidad educativa de la IE 2048 Jos\u00e9 Carlos Mari\u00e1tegui de Comas recibi\u00f3 nuevamente al destacado escritor y poeta peruano Cronwell Jara Jim\u00e9nez &#8211; autor de reconocidas obras como Montacerdos, El perro Chim\u00fa que se enamor\u00f3 de la luna, Hueso duro y Las huellas del puma-, a quien rindi\u00f3 homenaje colocando su nombre a la biblioteca Escolar del plantel.<\/p>\n<p>Hay que destacar que Cronwell Jara regres\u00f3 a la IE 2048 despu\u00e9s de dos a\u00f1os, siendo ovacionado por los estudiantes, docentes y directivos, en reconocimiento a su trayectoria acad\u00e9mica y a su inter\u00e9s en el desarrollo educativo de esta casa de estudios.<\/p>\n<p>La visita tuvo como prop\u00f3sito la realizaci\u00f3n de un conversatorio, en el que tambi\u00e9n participaron los estudiantes con discapacidad auditiva, quienes, acompa\u00f1ados por una int\u00e9rprete de lengua de se\u00f1as, pudieron seguir la perorata de Cronwell, relacionada con la exposici\u00f3n de su experiencia literaria, sus consejos de vida y aportes a la educaci\u00f3n.<\/p>\n<p>Este gesto subraya el compromiso de la IE 2048 Jos\u00e9 Carlos Mari\u00e1tegui como una instituci\u00f3n inclusiva, siendo la escuela de Lima Norte con el mayor n\u00famero de estudiantes con discapacidad auditiva, y reafirma su misi\u00f3n de brindar educaci\u00f3n de calidad para todos.<\/p>\n<p>Durante la charla, los estudiantes, entusiasmados por haber le\u00eddo varias de sus obras, no dudaron en hacerle preguntas, las cuales Jara respondi\u00f3 con emoci\u00f3n, generando un ambiente lleno de reflexi\u00f3n.<\/p>\n<p>El evento tuvo un momento especial y memorable cuando la directora de la IE 2048 Sara Lezameta y la titular de la UGEL 04 Nelly Cunza develaron el cartel con el nombre de la biblioteca escolar del colegio, la cual pas\u00f3 a llamarse: \u201cCronwell Jara Jim\u00e9nez\u201d.<\/p>\n<p>Este homenaje es un noble gesto por parte de la comunidad educativa, recibido con profunda gratitud por el escritor, quien expres\u00f3 su agradecimiento y valor\u00f3 que los j\u00f3venes lo recuerden a trav\u00e9s de un espacio tan importante como una biblioteca, un lugar donde nacen los sue\u00f1os y el conocimiento.<\/p>\n<p>A su turno, la directora de la UGEL 04, Nelly Cunza, elogi\u00f3 no solo la visita de Cronwell Jara, sino tambi\u00e9n el esfuerzo de los docentes por fomentar el amor por la lectura entre los estudiantes. Resalt\u00f3 que este tipo de actividades tienen un impacto muy positivo en la formaci\u00f3n integral de los j\u00f3venes, quienes a trav\u00e9s de la literatura pueden desarrollar su pensamiento cr\u00edtico y creatividad.<\/p>\n<p>[\/et_pb_text][\/et_pb_column][\/et_pb_row][\/et_pb_section]<\/p>\n","protected":false},"excerpt":{"rendered":"<p>En una jornada llena de emoci\u00f3n, la comunidad educativa de la IE 2048 Jos\u00e9 Carlos Mari\u00e1tegui de Comas recibi\u00f3 nuevamente al destacado escritor y poeta peruano Cronwell Jara Jim\u00e9nez &#8211; [&hellip;]<\/p>\n","protected":false},"author":1,"featured_media":257672,"comment_status":"open","ping_status":"open","sticky":false,"template":"","format":"standard","meta":{"_et_pb_use_builder":"on","_et_pb_old_content":"","_et_gb_content_width":"1080","footnotes":""},"categories":[10],"tags":[],"class_list":["post-257671","post","type-post","status-publish","format-standard","has-post-thumbnail","hentry","category-noticias"],"_links":{"self":[{"href":"https:\/\/ugel04.gob.pe\/home\/wp-json\/wp\/v2\/posts\/257671","targetHints":{"allow":["GET"]}}],"collection":[{"href":"https:\/\/ugel04.gob.pe\/home\/wp-json\/wp\/v2\/posts"}],"about":[{"href":"https:\/\/ugel04.gob.pe\/home\/wp-json\/wp\/v2\/types\/post"}],"author":[{"embeddable":true,"href":"https:\/\/ugel04.gob.pe\/home\/wp-json\/wp\/v2\/users\/1"}],"replies":[{"embeddable":true,"href":"https:\/\/ugel04.gob.pe\/home\/wp-json\/wp\/v2\/comments?post=257671"}],"version-history":[{"count":2,"href":"https:\/\/ugel04.gob.pe\/home\/wp-json\/wp\/v2\/posts\/257671\/revisions"}],"predecessor-version":[{"id":257674,"href":"https:\/\/ugel04.gob.pe\/home\/wp-json\/wp\/v2\/posts\/257671\/revisions\/257674"}],"wp:featuredmedia":[{"embeddable":true,"href":"https:\/\/ugel04.gob.pe\/home\/wp-json\/wp\/v2\/media\/257672"}],"wp:attachment":[{"href":"https:\/\/ugel04.gob.pe\/home\/wp-json\/wp\/v2\/media?parent=257671"}],"wp:term":[{"taxonomy":"category","embeddable":true,"href":"https:\/\/ugel04.gob.pe\/home\/wp-json\/wp\/v2\/categories?post=257671"},{"taxonomy":"post_tag","embeddable":true,"href":"https:\/\/ugel04.gob.pe\/home\/wp-json\/wp\/v2\/tags?post=257671"}],"curies":[{"name":"wp","href":"https:\/\/api.w.org\/{rel}","templated":true}]}}