{"id":257659,"date":"2024-10-23T16:37:59","date_gmt":"2024-10-23T21:37:59","guid":{"rendered":"https:\/\/ugel04.gob.pe\/home\/?p=257659"},"modified":"2024-10-23T16:38:07","modified_gmt":"2024-10-23T21:38:07","slug":"mesa-de-concertacion-por-la-seguridad-y-los-valores-en-la-educacion-en-puente-piedra","status":"publish","type":"post","link":"https:\/\/ugel04.gob.pe\/home\/mesa-de-concertacion-por-la-seguridad-y-los-valores-en-la-educacion-en-puente-piedra\/","title":{"rendered":"MESA DE CONCERTACI\u00d3N POR LA SEGURIDAD Y LOS VALORES EN LA EDUCACI\u00d3N EN PUENTE PIEDRA"},"content":{"rendered":"<p>[et_pb_section fb_built=\u00bb1&#8243; theme_builder_area=\u00bbpost_content\u00bb _builder_version=\u00bb4.27.2&#8243; _module_preset=\u00bbdefault\u00bb da_is_popup=\u00bboff\u00bb da_exit_intent=\u00bboff\u00bb da_has_close=\u00bbon\u00bb da_alt_close=\u00bboff\u00bb da_dark_close=\u00bboff\u00bb da_not_modal=\u00bbon\u00bb da_is_singular=\u00bboff\u00bb da_with_loader=\u00bboff\u00bb da_has_shadow=\u00bbon\u00bb da_disable_devices=\u00bboff|off|off\u00bb][et_pb_row _builder_version=\u00bb4.27.2&#8243; _module_preset=\u00bbdefault\u00bb theme_builder_area=\u00bbpost_content\u00bb][et_pb_column _builder_version=\u00bb4.27.2&#8243; _module_preset=\u00bbdefault\u00bb type=\u00bb4_4&#8243; theme_builder_area=\u00bbpost_content\u00bb][et_pb_text _builder_version=\u00bb4.27.2&#8243; _module_preset=\u00bbdefault\u00bb theme_builder_area=\u00bbpost_content\u00bb hover_enabled=\u00bb0&#8243; sticky_enabled=\u00bb0&#8243;]<\/p>\n<p>La directora de la UGEL 04, Nelly Cunza Pr\u00edncipe, junto a representantes del municipio de Puente Piedra, el Ministerio de la Mujer, la DRELM, la ONG AYNE y diversas organizaciones aliadas por la educaci\u00f3n, participaron en una mesa de concertaci\u00f3n que tuvo como objetivo realizar acuerdos favorables para los estudiantes y la comunidad, en respuesta a la creciente inseguridad en las calles y la falta de valores en las escuelas.<\/p>\n<p>Durante el evento realizado en las instalaciones de AYNI, en el distrito de Puente Piedra, la directora de la UGEL 04, subray\u00f3 la importancia de la educaci\u00f3n en el desarrollo integral de la sociedad, en estos momentos marcados por la violencia y la incertidumbre.<\/p>\n<p>En este contexto, la cita sirvi\u00f3 de escenario para la formaci\u00f3n de un equipo t\u00e9cnico local encargado de elaborar el Proyecto Educativo Local (PEL), el cual se constituir\u00e1 en una herramienta fundamental para planificar y sistematizar los trabajos en el sector educativo del distrito, estableciendo metas claras que gu\u00eden el desarrollo de la educaci\u00f3n en Puente Piedra.<\/p>\n<p>El Proyecto Educativo Local ser\u00e1 clave para guiar a las instituciones educativas y a la ciudadan\u00eda en el camino hacia una educaci\u00f3n de calidad con valores y respeto, mejorando el rendimiento de las instituciones educativas y generando beneficios para toda la comunidad.<\/p>\n<p>[\/et_pb_text][\/et_pb_column][\/et_pb_row][\/et_pb_section]<\/p>\n","protected":false},"excerpt":{"rendered":"<p>La directora de la UGEL 04, Nelly Cunza Pr\u00edncipe, junto a representantes del municipio de Puente Piedra, el Ministerio de la Mujer, la DRELM, la ONG AYNE y diversas organizaciones [&hellip;]<\/p>\n","protected":false},"author":1,"featured_media":257658,"comment_status":"open","ping_status":"open","sticky":false,"template":"","format":"standard","meta":{"_et_pb_use_builder":"on","_et_pb_old_content":"","_et_gb_content_width":"1080","footnotes":""},"categories":[10],"tags":[],"class_list":["post-257659","post","type-post","status-publish","format-standard","has-post-thumbnail","hentry","category-noticias"],"_links":{"self":[{"href":"https:\/\/ugel04.gob.pe\/home\/wp-json\/wp\/v2\/posts\/257659","targetHints":{"allow":["GET"]}}],"collection":[{"href":"https:\/\/ugel04.gob.pe\/home\/wp-json\/wp\/v2\/posts"}],"about":[{"href":"https:\/\/ugel04.gob.pe\/home\/wp-json\/wp\/v2\/types\/post"}],"author":[{"embeddable":true,"href":"https:\/\/ugel04.gob.pe\/home\/wp-json\/wp\/v2\/users\/1"}],"replies":[{"embeddable":true,"href":"https:\/\/ugel04.gob.pe\/home\/wp-json\/wp\/v2\/comments?post=257659"}],"version-history":[{"count":3,"href":"https:\/\/ugel04.gob.pe\/home\/wp-json\/wp\/v2\/posts\/257659\/revisions"}],"predecessor-version":[{"id":257662,"href":"https:\/\/ugel04.gob.pe\/home\/wp-json\/wp\/v2\/posts\/257659\/revisions\/257662"}],"wp:featuredmedia":[{"embeddable":true,"href":"https:\/\/ugel04.gob.pe\/home\/wp-json\/wp\/v2\/media\/257658"}],"wp:attachment":[{"href":"https:\/\/ugel04.gob.pe\/home\/wp-json\/wp\/v2\/media?parent=257659"}],"wp:term":[{"taxonomy":"category","embeddable":true,"href":"https:\/\/ugel04.gob.pe\/home\/wp-json\/wp\/v2\/categories?post=257659"},{"taxonomy":"post_tag","embeddable":true,"href":"https:\/\/ugel04.gob.pe\/home\/wp-json\/wp\/v2\/tags?post=257659"}],"curies":[{"name":"wp","href":"https:\/\/api.w.org\/{rel}","templated":true}]}}