{"id":257635,"date":"2024-10-22T12:12:25","date_gmt":"2024-10-22T17:12:25","guid":{"rendered":"https:\/\/ugel04.gob.pe\/home\/?p=257635"},"modified":"2024-10-22T12:12:56","modified_gmt":"2024-10-22T17:12:56","slug":"conferencia-magistral-y-pasacalle-marcan-inicio-de-la-semana-tecnica-del-instituto-carlos-cueto-fernandini","status":"publish","type":"post","link":"https:\/\/ugel04.gob.pe\/home\/conferencia-magistral-y-pasacalle-marcan-inicio-de-la-semana-tecnica-del-instituto-carlos-cueto-fernandini\/","title":{"rendered":"CONFERENCIA MAGISTRAL Y PASACALLE MARCAN INICIO DE LA SEMANA T\u00c9CNICA DEL INSTITUTO CARLOS CUETO FERNANDINI"},"content":{"rendered":"<p>[et_pb_section fb_built=\u00bb1&#8243; theme_builder_area=\u00bbpost_content\u00bb _builder_version=\u00bb4.27.2&#8243; _module_preset=\u00bbdefault\u00bb da_is_popup=\u00bboff\u00bb da_exit_intent=\u00bboff\u00bb da_has_close=\u00bbon\u00bb da_alt_close=\u00bboff\u00bb da_dark_close=\u00bboff\u00bb da_not_modal=\u00bbon\u00bb da_is_singular=\u00bboff\u00bb da_with_loader=\u00bboff\u00bb da_has_shadow=\u00bbon\u00bb da_disable_devices=\u00bboff|off|off\u00bb][et_pb_row _builder_version=\u00bb4.27.2&#8243; _module_preset=\u00bbdefault\u00bb theme_builder_area=\u00bbpost_content\u00bb][et_pb_column _builder_version=\u00bb4.27.2&#8243; _module_preset=\u00bbdefault\u00bb type=\u00bb4_4&#8243; theme_builder_area=\u00bbpost_content\u00bb][et_pb_text _builder_version=\u00bb4.27.2&#8243; _module_preset=\u00bbdefault\u00bb theme_builder_area=\u00bbpost_content\u00bb hover_enabled=\u00bb0&#8243; sticky_enabled=\u00bb0&#8243;]<\/p>\n<p>El Instituto Superior Tecnol\u00f3gico P\u00fablico Carlos Cueto Fernandini, ubicado en el distrito de Comas, dio inicio a la Semana Tecnol\u00f3gica e Innovaci\u00f3n 2024 con una serie de actividades acad\u00e9micas e informativas destinadas a difundir a la colectividad las ofertas profesionales que brinda desde hace 50 a\u00f1os.<\/p>\n<p>La semana t\u00e9cnica se inici\u00f3 con la conferencia magistral a cargo del destacado divulgador cient\u00edfico y f\u00edsico nuclear peruano Modesto Montoya, profesor de la Universidad Nacional de Ingenier\u00eda (UNI), quien abord\u00f3 el tema de Tecnolog\u00eda e Innovaci\u00f3n en la Formaci\u00f3n Profesional T\u00e9cnica, destacando su importancia dentro del proceso de modernizaci\u00f3n de sistema acad\u00e9mico mundial.<\/p>\n<p>Los estudiantes y docentes quedaron maravillados con sus valiosos consejos y reflexiones sobre el futuro de la educaci\u00f3n tecnol\u00f3gica.<\/p>\n<p>Asimismo, como parte de las celebraciones, el Instituto organiz\u00f3 un colorido pasacalle dentro de sus instalaciones, en el que los estudiantes de las 8 carreras t\u00e9cnicas que ofrece, participaron con alegr\u00eda, llevando carteles y disfraces en conmemoraci\u00f3n de su aniversario de la instituci\u00f3n.<\/p>\n<p>En este contexto, los directivos del IST Carlos Cueto Ferandini invitaron a los estudiantes de 4.\u00ba y 5.\u00ba a\u00f1o de secundaria de los colegios de la jurisdicci\u00f3n para que participen en la Semana presente Vocacional, donde podr\u00e1n recibir orientaciones sobre las distintas carreras t\u00e9cnicas que ofrece esta casa de estudios<\/p>\n<p>Cabe resaltar, la presencia de la directora de la UGEL 04, Nelly Cunza, quien asisti\u00f3 a la conferencia y qued\u00f3 gratamente complacida por la calidad de las ponencias. La directora estuvo acompa\u00f1ada por el jefe de AGEBATP, Roberto Zevallos, y ambos participaron activamente en el pasacalle, aplaudiendo a los estudiantes en su desfile de celebraci\u00f3n.<\/p>\n<p>[\/et_pb_text][\/et_pb_column][\/et_pb_row][\/et_pb_section]<\/p>\n","protected":false},"excerpt":{"rendered":"<p>El Instituto Superior Tecnol\u00f3gico P\u00fablico Carlos Cueto Fernandini, ubicado en el distrito de Comas, dio inicio a la Semana Tecnol\u00f3gica e Innovaci\u00f3n 2024 con una serie de actividades acad\u00e9micas e [&hellip;]<\/p>\n","protected":false},"author":1,"featured_media":257636,"comment_status":"open","ping_status":"open","sticky":false,"template":"","format":"standard","meta":{"_et_pb_use_builder":"on","_et_pb_old_content":"","_et_gb_content_width":"1080","footnotes":""},"categories":[10],"tags":[],"class_list":["post-257635","post","type-post","status-publish","format-standard","has-post-thumbnail","hentry","category-noticias"],"_links":{"self":[{"href":"https:\/\/ugel04.gob.pe\/home\/wp-json\/wp\/v2\/posts\/257635","targetHints":{"allow":["GET"]}}],"collection":[{"href":"https:\/\/ugel04.gob.pe\/home\/wp-json\/wp\/v2\/posts"}],"about":[{"href":"https:\/\/ugel04.gob.pe\/home\/wp-json\/wp\/v2\/types\/post"}],"author":[{"embeddable":true,"href":"https:\/\/ugel04.gob.pe\/home\/wp-json\/wp\/v2\/users\/1"}],"replies":[{"embeddable":true,"href":"https:\/\/ugel04.gob.pe\/home\/wp-json\/wp\/v2\/comments?post=257635"}],"version-history":[{"count":2,"href":"https:\/\/ugel04.gob.pe\/home\/wp-json\/wp\/v2\/posts\/257635\/revisions"}],"predecessor-version":[{"id":257638,"href":"https:\/\/ugel04.gob.pe\/home\/wp-json\/wp\/v2\/posts\/257635\/revisions\/257638"}],"wp:featuredmedia":[{"embeddable":true,"href":"https:\/\/ugel04.gob.pe\/home\/wp-json\/wp\/v2\/media\/257636"}],"wp:attachment":[{"href":"https:\/\/ugel04.gob.pe\/home\/wp-json\/wp\/v2\/media?parent=257635"}],"wp:term":[{"taxonomy":"category","embeddable":true,"href":"https:\/\/ugel04.gob.pe\/home\/wp-json\/wp\/v2\/categories?post=257635"},{"taxonomy":"post_tag","embeddable":true,"href":"https:\/\/ugel04.gob.pe\/home\/wp-json\/wp\/v2\/tags?post=257635"}],"curies":[{"name":"wp","href":"https:\/\/api.w.org\/{rel}","templated":true}]}}