{"id":257630,"date":"2024-10-20T11:25:00","date_gmt":"2024-10-20T16:25:00","guid":{"rendered":"https:\/\/ugel04.gob.pe\/home\/?p=257630"},"modified":"2024-10-21T23:26:55","modified_gmt":"2024-10-22T04:26:55","slug":"estudiantes-de-colegios-de-la-ugel-04-participan-en-el-concurso-por-el-dia-nacional-del-ahorro-de-energia","status":"publish","type":"post","link":"https:\/\/ugel04.gob.pe\/home\/estudiantes-de-colegios-de-la-ugel-04-participan-en-el-concurso-por-el-dia-nacional-del-ahorro-de-energia\/","title":{"rendered":"ESTUDIANTES DE COLEGIOS DE LA UGEL 04 PARTICIPAN EN EL CONCURSO POR EL D\u00cdA NACIONAL DEL AHORRO DE ENERG\u00cdA"},"content":{"rendered":"\n[et_pb_section fb_built=\u00bb1&#8243; theme_builder_area=\u00bbpost_content\u00bb _builder_version=\u00bb4.27.2&#8243; _module_preset=\u00bbdefault\u00bb da_is_popup=\u00bboff\u00bb da_exit_intent=\u00bboff\u00bb da_has_close=\u00bbon\u00bb da_alt_close=\u00bboff\u00bb da_dark_close=\u00bboff\u00bb da_not_modal=\u00bbon\u00bb da_is_singular=\u00bboff\u00bb da_with_loader=\u00bboff\u00bb da_has_shadow=\u00bbon\u00bb da_disable_devices=\u00bboff|off|off\u00bb][et_pb_row _builder_version=\u00bb4.27.2&#8243; _module_preset=\u00bbdefault\u00bb theme_builder_area=\u00bbpost_content\u00bb][et_pb_column _builder_version=\u00bb4.27.2&#8243; _module_preset=\u00bbdefault\u00bb type=\u00bb4_4&#8243; theme_builder_area=\u00bbpost_content\u00bb][et_pb_text _builder_version=\u00bb4.27.2&#8243; _module_preset=\u00bbdefault\u00bb theme_builder_area=\u00bbpost_content\u00bb hover_enabled=\u00bb0&#8243; sticky_enabled=\u00bb0&#8243;]<p><strong>El Centro C\u00edvico de la Municipalidad de Comas fue el escenario del D\u00eda Nacional del Ahorro de Energ\u00eda 2024, un evento que promovi\u00f3 la importancia de la eficiencia energ\u00e9tica y la reducci\u00f3n del consumo de energ\u00eda. Delegaciones de la UGEL 04 participaron en un emocionante concurso sobre el uso eficiente y responsable de la energ\u00eda.<\/strong><\/p>\n<p>Estudiantes de nivel inicial, primaria y secundaria desfilaron con creativos disfraces y pancartas alusivas al ahorro de energ\u00eda. Entre los disfraces m\u00e1s destacados se encontraban los de microondas, focos y lavadoras, todos elaborados con gran ingenio por los participantes. El jurado, compuesto por representantes de la UGEL 04, del Ministerio de Energ\u00eda y Minas y de la municipalidad de Comas, evalu\u00f3 cuidadosamente cada disfraz y pancarta para seleccionar al mejor.<\/p>\n<p>El evento cont\u00f3 con la presencia de Roberto Zevallos, quien represent\u00f3 a la directora Nelly Cunza Pr\u00edncipe, as\u00ed como otros funcionarios locales. El alcalde de Comas tambi\u00e9n se uni\u00f3 a la celebraci\u00f3n, saludando a los estudiantes al comp\u00e1s de la m\u00fasica y deteni\u00e9ndose para tomarse fotograf\u00edas con cada delegaci\u00f3n.<\/p>\n<p>La actividad no solo foment\u00f3 la creatividad y el trabajo en equipo entre los estudiantes, sino que tambi\u00e9n reforz\u00f3 la necesidad de adoptar pr\u00e1cticas de ahorro energ\u00e9tico en el d\u00eda a d\u00eda<\/p>[\/et_pb_text][\/et_pb_column][\/et_pb_row][\/et_pb_section]\n","protected":false},"excerpt":{"rendered":"<p>El Centro C\u00edvico de la Municipalidad de Comas fue el escenario del D\u00eda Nacional del Ahorro de Energ\u00eda 2024, un evento que promovi\u00f3 la importancia de la eficiencia energ\u00e9tica y [&hellip;]<\/p>\n","protected":false},"author":1,"featured_media":257631,"comment_status":"closed","ping_status":"closed","sticky":false,"template":"","format":"standard","meta":{"_et_pb_use_builder":"on","_et_pb_old_content":"","_et_gb_content_width":"1080","footnotes":""},"categories":[10],"tags":[],"class_list":["post-257630","post","type-post","status-publish","format-standard","has-post-thumbnail","hentry","category-noticias"],"_links":{"self":[{"href":"https:\/\/ugel04.gob.pe\/home\/wp-json\/wp\/v2\/posts\/257630","targetHints":{"allow":["GET"]}}],"collection":[{"href":"https:\/\/ugel04.gob.pe\/home\/wp-json\/wp\/v2\/posts"}],"about":[{"href":"https:\/\/ugel04.gob.pe\/home\/wp-json\/wp\/v2\/types\/post"}],"author":[{"embeddable":true,"href":"https:\/\/ugel04.gob.pe\/home\/wp-json\/wp\/v2\/users\/1"}],"replies":[{"embeddable":true,"href":"https:\/\/ugel04.gob.pe\/home\/wp-json\/wp\/v2\/comments?post=257630"}],"version-history":[{"count":3,"href":"https:\/\/ugel04.gob.pe\/home\/wp-json\/wp\/v2\/posts\/257630\/revisions"}],"predecessor-version":[{"id":257634,"href":"https:\/\/ugel04.gob.pe\/home\/wp-json\/wp\/v2\/posts\/257630\/revisions\/257634"}],"wp:featuredmedia":[{"embeddable":true,"href":"https:\/\/ugel04.gob.pe\/home\/wp-json\/wp\/v2\/media\/257631"}],"wp:attachment":[{"href":"https:\/\/ugel04.gob.pe\/home\/wp-json\/wp\/v2\/media?parent=257630"}],"wp:term":[{"taxonomy":"category","embeddable":true,"href":"https:\/\/ugel04.gob.pe\/home\/wp-json\/wp\/v2\/categories?post=257630"},{"taxonomy":"post_tag","embeddable":true,"href":"https:\/\/ugel04.gob.pe\/home\/wp-json\/wp\/v2\/tags?post=257630"}],"curies":[{"name":"wp","href":"https:\/\/api.w.org\/{rel}","templated":true}]}}