{"id":257610,"date":"2024-10-18T16:26:59","date_gmt":"2024-10-18T21:26:59","guid":{"rendered":"https:\/\/ugel04.gob.pe\/home\/?p=257610"},"modified":"2024-10-18T16:27:45","modified_gmt":"2024-10-18T21:27:45","slug":"exitoso-viii-congreso-pedagogico-de-buenas-practicas-educativas-y-proyectos-de-innovacion-etapa-ugel","status":"publish","type":"post","link":"https:\/\/ugel04.gob.pe\/home\/exitoso-viii-congreso-pedagogico-de-buenas-practicas-educativas-y-proyectos-de-innovacion-etapa-ugel\/","title":{"rendered":"EXITOSO VIII CONGRESO PEDAG\u00d3GICO DE BUENAS PR\u00c1CTICAS EDUCATIVAS Y PROYECTOS DE INNOVACI\u00d3N, ETAPA UGEL"},"content":{"rendered":"<p>[et_pb_section fb_built=\u00bb1&#8243; theme_builder_area=\u00bbpost_content\u00bb _builder_version=\u00bb4.27.2&#8243; _module_preset=\u00bbdefault\u00bb da_is_popup=\u00bboff\u00bb da_exit_intent=\u00bboff\u00bb da_has_close=\u00bbon\u00bb da_alt_close=\u00bboff\u00bb da_dark_close=\u00bboff\u00bb da_not_modal=\u00bbon\u00bb da_is_singular=\u00bboff\u00bb da_with_loader=\u00bboff\u00bb da_has_shadow=\u00bbon\u00bb da_disable_devices=\u00bboff|off|off\u00bb][et_pb_row _builder_version=\u00bb4.27.2&#8243; _module_preset=\u00bbdefault\u00bb theme_builder_area=\u00bbpost_content\u00bb][et_pb_column _builder_version=\u00bb4.27.2&#8243; _module_preset=\u00bbdefault\u00bb type=\u00bb4_4&#8243; theme_builder_area=\u00bbpost_content\u00bb][\/et_pb_column][\/et_pb_row][et_pb_row _builder_version=\u00bb4.27.2&#8243; _module_preset=\u00bbdefault\u00bb theme_builder_area=\u00bbpost_content\u00bb][et_pb_column _builder_version=\u00bb4.27.2&#8243; _module_preset=\u00bbdefault\u00bb type=\u00bb4_4&#8243; theme_builder_area=\u00bbpost_content\u00bb][et_pb_text _builder_version=\u00bb4.27.2&#8243; _module_preset=\u00bbdefault\u00bb theme_builder_area=\u00bbpost_content\u00bb hover_enabled=\u00bb0&#8243; sticky_enabled=\u00bb0&#8243;]<\/p>\n<p>Innovadoras actividades, estrategias, metodolog\u00edas y productos desarrollados en las aulas, fueron puestos en evidencia por diversos colegios p\u00fablicos de nuestra jurisdicci\u00f3n, durante su participaron en el VIII Congreso Pedag\u00f3gico de Buenas Pr\u00e1cticas Educativas y Proyectos de Innovaci\u00f3n \u2013 Etapa UGEL, organizado por nuestra entidad a trav\u00e9s de AGEBRE.<\/p>\n<p>Durante la mega actividad desarrollada en la sede de la IE N\u00b0 2026 Sim\u00f3n Bol\u00edvar de Comas, directivos y docentes de las escuelas p\u00fablicas pertenecientes a EBR y EBE de los cinco distritos adscritos a la UGEL 04, detallaron ante un jurado calificador compuesto por especialistas de la DRELM, los alcances de sus pr\u00e1cticas pedag\u00f3gicas, de gesti\u00f3n escolar y\/o de innovaci\u00f3n que vienen generando experiencias de aprendizaje significativas para el desarrollo de las competencias de los estudiantes.<\/p>\n<p>En la ceremonia previa, la directora Nelly Cunza felicit\u00f3 el ingenio y la creatividad puesta en escena por los profesores en cada uno de los trabajos presentados, los cuales refiri\u00f3 \u201cvienen contribuyendo significativamente a la mejora de los aprendizajes\u201d.<\/p>\n<p>Asimismo, asegur\u00f3 que las buenas pr\u00e1cticas ganadoras ser\u00e1n difundidas en nuestros medios de comunicaci\u00f3n y se replicar\u00e1n en las aulas, para beneficio de todos nuestros estudiantes, quienes son nuestro p\u00fablico objetivo final.<\/p>\n<p>Por su parte, el jefe de AGEBRE Johnny Ventura, manifest\u00f3 que uno de los objetivos que pretende este congreso es incentivar la participaci\u00f3n masiva de los colegios de la capital y de todo el Per\u00fa, a fin de <span>desarrollar ideas nuevas y\/o disruptivas; as\u00ed como, m\u00e9todos, productos o servicios que ofrezcan soluciones novedosas a problemas existentes o que crean nuevas oportunidades. <\/span><\/p>\n<p>Cabe se\u00f1alar que, en la presente edici\u00f3n del concurso se seleccionar\u00e1n las buenas pr\u00e1cticas que alcancen los tres primeros puestos por nivel de EBR y al primer lugar de EBE considerando su creatividad e innovaci\u00f3n, as\u00ed como su contribuci\u00f3n a la mejora de los aprendizajes y al desarrollo de las diversas competencias.<\/p>\n<p>En total, ser\u00e1n 10 proyectos los que accedan a la etapa regional del concurso a realizarse en noviembre pr\u00f3ximo, los mismo que previamente recibir\u00e1n asesoramiento t\u00e9cnico de especialistas de la Drelm, a fin de que tengan una buena participaci\u00f3n.<\/p>\n<p>[\/et_pb_text][\/et_pb_column][\/et_pb_row][\/et_pb_section]<\/p>\n","protected":false},"excerpt":{"rendered":"<p>Innovadoras actividades, estrategias, metodolog\u00edas y productos desarrollados en las aulas, fueron puestos en evidencia por diversos colegios p\u00fablicos de nuestra jurisdicci\u00f3n, durante su participaron en el VIII Congreso Pedag\u00f3gico de [&hellip;]<\/p>\n","protected":false},"author":1,"featured_media":257611,"comment_status":"open","ping_status":"open","sticky":false,"template":"","format":"standard","meta":{"_et_pb_use_builder":"on","_et_pb_old_content":"","_et_gb_content_width":"1080","footnotes":""},"categories":[10],"tags":[],"class_list":["post-257610","post","type-post","status-publish","format-standard","has-post-thumbnail","hentry","category-noticias"],"_links":{"self":[{"href":"https:\/\/ugel04.gob.pe\/home\/wp-json\/wp\/v2\/posts\/257610","targetHints":{"allow":["GET"]}}],"collection":[{"href":"https:\/\/ugel04.gob.pe\/home\/wp-json\/wp\/v2\/posts"}],"about":[{"href":"https:\/\/ugel04.gob.pe\/home\/wp-json\/wp\/v2\/types\/post"}],"author":[{"embeddable":true,"href":"https:\/\/ugel04.gob.pe\/home\/wp-json\/wp\/v2\/users\/1"}],"replies":[{"embeddable":true,"href":"https:\/\/ugel04.gob.pe\/home\/wp-json\/wp\/v2\/comments?post=257610"}],"version-history":[{"count":2,"href":"https:\/\/ugel04.gob.pe\/home\/wp-json\/wp\/v2\/posts\/257610\/revisions"}],"predecessor-version":[{"id":257613,"href":"https:\/\/ugel04.gob.pe\/home\/wp-json\/wp\/v2\/posts\/257610\/revisions\/257613"}],"wp:featuredmedia":[{"embeddable":true,"href":"https:\/\/ugel04.gob.pe\/home\/wp-json\/wp\/v2\/media\/257611"}],"wp:attachment":[{"href":"https:\/\/ugel04.gob.pe\/home\/wp-json\/wp\/v2\/media?parent=257610"}],"wp:term":[{"taxonomy":"category","embeddable":true,"href":"https:\/\/ugel04.gob.pe\/home\/wp-json\/wp\/v2\/categories?post=257610"},{"taxonomy":"post_tag","embeddable":true,"href":"https:\/\/ugel04.gob.pe\/home\/wp-json\/wp\/v2\/tags?post=257610"}],"curies":[{"name":"wp","href":"https:\/\/api.w.org\/{rel}","templated":true}]}}