{"id":257586,"date":"2024-10-16T11:46:53","date_gmt":"2024-10-16T16:46:53","guid":{"rendered":"https:\/\/ugel04.gob.pe\/home\/?p=257586"},"modified":"2024-10-16T11:47:45","modified_gmt":"2024-10-16T16:47:45","slug":"estudiantes-invidentes-participan-en-maraton-por-dia-de-la-persona-con-discapacidad","status":"publish","type":"post","link":"https:\/\/ugel04.gob.pe\/home\/estudiantes-invidentes-participan-en-maraton-por-dia-de-la-persona-con-discapacidad\/","title":{"rendered":"ESTUDIANTES INVIDENTES PARTICIPAN EN MARATON POR D\u00cdA DE LA PERSONA CON DISCAPACIDAD"},"content":{"rendered":"\n[et_pb_section fb_built=\u00bb1&#8243; theme_builder_area=\u00bbpost_content\u00bb _builder_version=\u00bb4.27.2&#8243; _module_preset=\u00bbdefault\u00bb da_is_popup=\u00bboff\u00bb da_exit_intent=\u00bboff\u00bb da_has_close=\u00bbon\u00bb da_alt_close=\u00bboff\u00bb da_dark_close=\u00bboff\u00bb da_not_modal=\u00bbon\u00bb da_is_singular=\u00bboff\u00bb da_with_loader=\u00bboff\u00bb da_has_shadow=\u00bbon\u00bb da_disable_devices=\u00bboff|off|off\u00bb][et_pb_row _builder_version=\u00bb4.27.2&#8243; _module_preset=\u00bbdefault\u00bb theme_builder_area=\u00bbpost_content\u00bb][et_pb_column _builder_version=\u00bb4.27.2&#8243; _module_preset=\u00bbdefault\u00bb type=\u00bb4_4&#8243; theme_builder_area=\u00bbpost_content\u00bb][et_pb_text _builder_version=\u00bb4.27.2&#8243; _module_preset=\u00bbdefault\u00bb theme_builder_area=\u00bbpost_content\u00bb hover_enabled=\u00bb0&#8243; sticky_enabled=\u00bb0&#8243;]<p>Como parte de las actividades por el D\u00eda Nacional de la Persona con Discapacidad, la IEE Luis Braille en coordinaci\u00f3n con la Municipalidad de Lima y de Comas, llevaron a cabo una mini marat\u00f3n, en la que participaron estudiantes con discapacidad visual acompa\u00f1ados por gu\u00edas pertenecientes a diversos colegios de las modalidades de EBE, EBA y Cetpro, de nuestra jurisdicci\u00f3n.<\/p>\n<p>Durante el recorrido, decenas de personas con ceguera recorrieron al trote alrededor de cinco Kil\u00f3metros por las principales avenidas de Comas, demostrando a la colectividad vigor y entusiasmo; as\u00ed como, no tener impedimento para realizar este tipo de actividades.<\/p>\n<p>Como iniciativa gratificante, la I.E. Luis Braille de Comas viene desarrollando este evento anualmente, en coordinaci\u00f3n con la UGEL 04, concitando la participaci\u00f3n no solo de estudiantes de esta escuela especial, sino tambi\u00e9n, ciudadanos con discapacidad, ex alumnos, ni\u00f1os, j\u00f3venes, adultos y atletas invidentes.<\/p>\n<p>Cabe destacar la participaci\u00f3n activa del director Alfredo Z\u00e1rate, quien agradeci\u00f3 la participaci\u00f3n masiva de los presentes antes de iniciar la carrera junto a las dem\u00e1s personas.<\/p>\n<p>El punto de partida fue la Av. El Maestro Peruano N\u00b0 340, a la altura del paradero polit\u00e9cnico de Comas, continuando por la Av. Carabayllo y girando por la av. 23 de agosto, en un recorrido que evidenci\u00f3 el esfuerzo y la perseverancia de cada participante para llegar a la meta.<\/p>\n<p>El certamen se dividi\u00f3 en cinco categor\u00edas: de 3 a 8 a\u00f1os de edad, 8 a 12 a\u00f1os, de 13 a 17 a\u00f1os, de 18 a 35 y de 35 a m\u00e1s; cuyos ganadores recibieron premios sorpresa indispensables para desarrollar sus actividades o tareas.<\/p>\n<p>Al finalizar el recorrido todos los participantes se mostraron felices de llegar a la meta, demostrando que para ellos nada es imposible.<\/p>\n<p>Finalmente, debemos recalcar que este tipo de actividades ayudan a empoderar la discapacidad visual en las carreras de atletismo, y por consecuencia obtener cuadros competitivos.<\/p>\n<p>&nbsp;<\/p>[\/et_pb_text][\/et_pb_column][\/et_pb_row][\/et_pb_section]\n","protected":false},"excerpt":{"rendered":"<p>Como parte de las actividades por el D\u00eda Nacional de la Persona con Discapacidad, la IEE Luis Braille en coordinaci\u00f3n con la Municipalidad de Lima y de Comas, llevaron a [&hellip;]<\/p>\n","protected":false},"author":1,"featured_media":257588,"comment_status":"open","ping_status":"open","sticky":false,"template":"","format":"standard","meta":{"_et_pb_use_builder":"on","_et_pb_old_content":"","_et_gb_content_width":"1080","footnotes":""},"categories":[10],"tags":[],"class_list":["post-257586","post","type-post","status-publish","format-standard","has-post-thumbnail","hentry","category-noticias"],"_links":{"self":[{"href":"https:\/\/ugel04.gob.pe\/home\/wp-json\/wp\/v2\/posts\/257586","targetHints":{"allow":["GET"]}}],"collection":[{"href":"https:\/\/ugel04.gob.pe\/home\/wp-json\/wp\/v2\/posts"}],"about":[{"href":"https:\/\/ugel04.gob.pe\/home\/wp-json\/wp\/v2\/types\/post"}],"author":[{"embeddable":true,"href":"https:\/\/ugel04.gob.pe\/home\/wp-json\/wp\/v2\/users\/1"}],"replies":[{"embeddable":true,"href":"https:\/\/ugel04.gob.pe\/home\/wp-json\/wp\/v2\/comments?post=257586"}],"version-history":[{"count":3,"href":"https:\/\/ugel04.gob.pe\/home\/wp-json\/wp\/v2\/posts\/257586\/revisions"}],"predecessor-version":[{"id":257590,"href":"https:\/\/ugel04.gob.pe\/home\/wp-json\/wp\/v2\/posts\/257586\/revisions\/257590"}],"wp:featuredmedia":[{"embeddable":true,"href":"https:\/\/ugel04.gob.pe\/home\/wp-json\/wp\/v2\/media\/257588"}],"wp:attachment":[{"href":"https:\/\/ugel04.gob.pe\/home\/wp-json\/wp\/v2\/media?parent=257586"}],"wp:term":[{"taxonomy":"category","embeddable":true,"href":"https:\/\/ugel04.gob.pe\/home\/wp-json\/wp\/v2\/categories?post=257586"},{"taxonomy":"post_tag","embeddable":true,"href":"https:\/\/ugel04.gob.pe\/home\/wp-json\/wp\/v2\/tags?post=257586"}],"curies":[{"name":"wp","href":"https:\/\/api.w.org\/{rel}","templated":true}]}}