{"id":257582,"date":"2024-10-15T16:21:52","date_gmt":"2024-10-15T21:21:52","guid":{"rendered":"https:\/\/ugel04.gob.pe\/home\/?p=257582"},"modified":"2024-10-15T16:21:59","modified_gmt":"2024-10-15T21:21:59","slug":"en-la-semana-de-la-educacion-inclusiva-iiee-desarrollan-campana-de-sensibilizacion-sobre-respeto-a-la-diversidad","status":"publish","type":"post","link":"https:\/\/ugel04.gob.pe\/home\/en-la-semana-de-la-educacion-inclusiva-iiee-desarrollan-campana-de-sensibilizacion-sobre-respeto-a-la-diversidad\/","title":{"rendered":"EN LA SEMANA DE LA EDUCACI\u00d3N INCLUSIVA, IIEE DESARROLLAN CAMPA\u00d1A DE SENSIBILIZACI\u00d3N SOBRE RESPETO A LA DIVERSIDAD"},"content":{"rendered":"<p>[et_pb_section fb_built=\u00bb1&#8243; theme_builder_area=\u00bbpost_content\u00bb _builder_version=\u00bb4.27.2&#8243; _module_preset=\u00bbdefault\u00bb da_is_popup=\u00bboff\u00bb da_exit_intent=\u00bboff\u00bb da_has_close=\u00bbon\u00bb da_alt_close=\u00bboff\u00bb da_dark_close=\u00bboff\u00bb da_not_modal=\u00bbon\u00bb da_is_singular=\u00bboff\u00bb da_with_loader=\u00bboff\u00bb da_has_shadow=\u00bbon\u00bb da_disable_devices=\u00bboff|off|off\u00bb][et_pb_row _builder_version=\u00bb4.27.2&#8243; _module_preset=\u00bbdefault\u00bb theme_builder_area=\u00bbpost_content\u00bb][et_pb_column _builder_version=\u00bb4.27.2&#8243; _module_preset=\u00bbdefault\u00bb type=\u00bb4_4&#8243; theme_builder_area=\u00bbpost_content\u00bb][et_pb_text _builder_version=\u00bb4.27.2&#8243; _module_preset=\u00bbdefault\u00bb theme_builder_area=\u00bbpost_content\u00bb hover_enabled=\u00bb0&#8243; sticky_enabled=\u00bb0&#8243;]<\/p>\n<p>En el marco de la Semana de la Educaci\u00f3n Inclusiva, las instituciones educativas p\u00fablicas de nuestra jurisdicci\u00f3n \u2013pertenecientes a los diversos niveles y modalidades- vienen desarrollando actividades de sensibilizaci\u00f3n destinadas a revalorar la importancia de la incorporaci\u00f3n de los ni\u00f1os y las ni\u00f1as con discapacidad dentro de las escuelas, como un proceso que garantice su desarrollo integral e igualdad de oportunidades en la sociedad.<\/p>\n<p>&nbsp;<\/p>\n<p>En este contexto, especialistas de AGEBRE de la UGEL 04 acompa\u00f1an a los directivos, docentes y estudiantes en el desarrollo de la campa\u00f1a \u201cTodos aprendemos, todos brillamos\u201d, destinada a fomentar el respeto a la diversidad en nuestras comunidades, mediante la elaboraci\u00f3n y exposici\u00f3n de productos acad\u00e9micos creados en las aulas como:<\/p>\n<ul>\n<li>Realizaci\u00f3n de murales sobre la importancia de la inclusi\u00f3n en la sociedad.<\/li>\n<li>Elaboraci\u00f3n de paneles en atenci\u00f3n a la diversidad.<\/li>\n<li>Elaboraci\u00f3n de acr\u00f3sticos, d\u00edpticos, entre otros sobre inclusi\u00f3n.<\/li>\n<li>Realizaci\u00f3n de actividades art\u00edsticas por la semana de inclusi\u00f3n: dibujo, pintura, poemas, bailes y m\u00e1s.<\/li>\n<li>Celebraci\u00f3n de las buenas pr\u00e1cticas inclusivas institucionales.<\/li>\n<\/ul>\n<p>Asimismo, se vienen desarrollando reuniones, mesas de di\u00e1logos y asistencias t\u00e9cnicas sobre temas de inclusi\u00f3n dirigidas por nuestros especialistas en educaci\u00f3n.<\/p>\n<p>&nbsp;<\/p>\n<p>Cabe destacar que, durante las jornadas de capacitaci\u00f3n se dan a conocer los alcances del proceso de inclusi\u00f3n que se desarrollan en las aulas, como: el concepto de la educaci\u00f3n inclusiva, cu\u00e1les son los servicios educativos que se brinda en la UGEL 04 para las personas con discapacidad, la importancia del apoyo de las familias para conseguir el desarrollo cognitivo y aut\u00f3nomo de los estudiantes con diversas discapacidades, entro otros.<\/p>\n<p>&nbsp;<\/p>\n<p><strong>Educaci\u00f3n especializada<\/strong><\/p>\n<p>&nbsp;<\/p>\n<p>De otro lado, es importante recordar que en la UGEL 04 existen nueve CEBE (ocho de gesti\u00f3n p\u00fablica y uno de gesti\u00f3n privada) que ofrecen una educaci\u00f3n de calidad en los niveles de inicial y primaria, a las personas con discapacidad severa y multi discapacidad. Adem\u00e1s, contamos con un Programa de Intervenci\u00f3n Temprana (PRITE), que se encarga de brindar atenci\u00f3n no escolarizada a los infantes menores de cinco a\u00f1os con discapacidad o riesgo de adquirirla.<\/p>\n<p>&nbsp;<\/p>\n<p>De igual forma, se informa que todas las Instituciones de Educaci\u00f3n B\u00e1sica Regular de la UGEL 04, est\u00e1n capacitadas para realizar acciones de inclusi\u00f3n pedag\u00f3gica dentro de sus aulas.<\/p>\n<p>&nbsp;<\/p>\n<p>En la UGEL 04, \u00a1Juntos construimos un entorno m\u00e1s inclusivo!<\/p>\n<p>&nbsp;<\/p>\n<p>[\/et_pb_text][\/et_pb_column][\/et_pb_row][\/et_pb_section]<\/p>\n","protected":false},"excerpt":{"rendered":"<p>En el marco de la Semana de la Educaci\u00f3n Inclusiva, las instituciones educativas p\u00fablicas de nuestra jurisdicci\u00f3n \u2013pertenecientes a los diversos niveles y modalidades- vienen desarrollando actividades de sensibilizaci\u00f3n destinadas [&hellip;]<\/p>\n","protected":false},"author":1,"featured_media":257583,"comment_status":"open","ping_status":"open","sticky":false,"template":"","format":"standard","meta":{"_et_pb_use_builder":"on","_et_pb_old_content":"","_et_gb_content_width":"1080","footnotes":""},"categories":[10],"tags":[],"class_list":["post-257582","post","type-post","status-publish","format-standard","has-post-thumbnail","hentry","category-noticias"],"_links":{"self":[{"href":"https:\/\/ugel04.gob.pe\/home\/wp-json\/wp\/v2\/posts\/257582","targetHints":{"allow":["GET"]}}],"collection":[{"href":"https:\/\/ugel04.gob.pe\/home\/wp-json\/wp\/v2\/posts"}],"about":[{"href":"https:\/\/ugel04.gob.pe\/home\/wp-json\/wp\/v2\/types\/post"}],"author":[{"embeddable":true,"href":"https:\/\/ugel04.gob.pe\/home\/wp-json\/wp\/v2\/users\/1"}],"replies":[{"embeddable":true,"href":"https:\/\/ugel04.gob.pe\/home\/wp-json\/wp\/v2\/comments?post=257582"}],"version-history":[{"count":2,"href":"https:\/\/ugel04.gob.pe\/home\/wp-json\/wp\/v2\/posts\/257582\/revisions"}],"predecessor-version":[{"id":257585,"href":"https:\/\/ugel04.gob.pe\/home\/wp-json\/wp\/v2\/posts\/257582\/revisions\/257585"}],"wp:featuredmedia":[{"embeddable":true,"href":"https:\/\/ugel04.gob.pe\/home\/wp-json\/wp\/v2\/media\/257583"}],"wp:attachment":[{"href":"https:\/\/ugel04.gob.pe\/home\/wp-json\/wp\/v2\/media?parent=257582"}],"wp:term":[{"taxonomy":"category","embeddable":true,"href":"https:\/\/ugel04.gob.pe\/home\/wp-json\/wp\/v2\/categories?post=257582"},{"taxonomy":"post_tag","embeddable":true,"href":"https:\/\/ugel04.gob.pe\/home\/wp-json\/wp\/v2\/tags?post=257582"}],"curies":[{"name":"wp","href":"https:\/\/api.w.org\/{rel}","templated":true}]}}