{"id":257533,"date":"2024-10-04T17:55:28","date_gmt":"2024-10-04T22:55:28","guid":{"rendered":"https:\/\/ugel04.gob.pe\/home\/?p=257533"},"modified":"2024-10-04T17:55:34","modified_gmt":"2024-10-04T22:55:34","slug":"estudiantes-de-carabayllo-exponen-aprendizajes-en-habilidades-socioemocionales-para-prevenir-la-violencia-sexual","status":"publish","type":"post","link":"https:\/\/ugel04.gob.pe\/home\/estudiantes-de-carabayllo-exponen-aprendizajes-en-habilidades-socioemocionales-para-prevenir-la-violencia-sexual\/","title":{"rendered":"ESTUDIANTES DE CARABAYLLO EXPONEN APRENDIZAJES EN HABILIDADES SOCIOEMOCIONALES PARA PREVENIR LA VIOLENCIA SEXUAL"},"content":{"rendered":"<p>[et_pb_section fb_built=\u00bb1&#8243; theme_builder_area=\u00bbpost_content\u00bb _builder_version=\u00bb4.27.0&#8243; _module_preset=\u00bbdefault\u00bb da_is_popup=\u00bboff\u00bb da_exit_intent=\u00bboff\u00bb da_has_close=\u00bbon\u00bb da_alt_close=\u00bboff\u00bb da_dark_close=\u00bboff\u00bb da_not_modal=\u00bbon\u00bb da_is_singular=\u00bboff\u00bb da_with_loader=\u00bboff\u00bb da_has_shadow=\u00bbon\u00bb da_disable_devices=\u00bboff|off|off\u00bb][et_pb_row _builder_version=\u00bb4.27.0&#8243; _module_preset=\u00bbdefault\u00bb theme_builder_area=\u00bbpost_content\u00bb][et_pb_column _builder_version=\u00bb4.27.0&#8243; _module_preset=\u00bbdefault\u00bb type=\u00bb4_4&#8243; theme_builder_area=\u00bbpost_content\u00bb][et_pb_text _builder_version=\u00bb4.27.0&#8243; _module_preset=\u00bbdefault\u00bb theme_builder_area=\u00bbpost_content\u00bb hover_enabled=\u00bb0&#8243; sticky_enabled=\u00bb0&#8243;]<\/p>\n<p style=\"text-align: justify;\"><strong>En marco del desarrollo del primer servicio del Programa Presupuestal 1002 de AGEBRE de la UGEL 04, que busca prevenir la violencia sexual a trav\u00e9s de la educaci\u00f3n emocional, estudiantes de 5to y 6to grado de primaria de la I.E. 3079 Nuestra Se\u00f1ora de las Mercedes y de la I.E. 2084 Trompeteros de Carabayllo, expusieron los resultados de los aprendizajes adquiridos en sus clases de tutor\u00eda, relacionados con las habilidades socioemocionales.<\/strong><\/p>\n<p style=\"text-align: justify;\">Durante el primer d\u00eda, en la IE. 3079 se realizaron diversas actividades acad\u00e9micas en las que los estudiantes de 5to y 6to grado presentaron dramatizaciones y canciones, enfatizando emociones como la empat\u00eda, el respeto y el asertividad.<\/p>\n<p style=\"text-align: justify;\">La docente Lourdes Dom\u00ednguez comparti\u00f3 su experiencia, reafirmando el lema de la escuela: \u201cEn mi escuela decimos no a la violencia\u201d. Asimismo, la teniente alcaldesa escolar, Sol Sifuentes, expres\u00f3: \u201cAprendimos a manejar nuestras emociones y a respetar a los dem\u00e1s\u201d.<\/p>\n<p style=\"text-align: justify;\">Al d\u00eda siguiente, en la IE. 2084 Trompeteros, que dirige la profesora Mar\u00eda Esther S\u00e1enz, los estudiantes expusieron una variedad de trabajos, como d\u00edpticos, tr\u00edpticos, pancartas y dramatizaciones que reflejaban lo aprendido en sus clases; asimismo, cantaron el tema \u00abCuidado\u201d de Nubeluz, el cual reson\u00f3 en el ambiente, sensibilizando a la comunidad sobre la importancia de la prevenci\u00f3n de la violencia sexual y el fomento de relaciones sanas.<\/p>\n<p style=\"text-align: justify;\">Durante las presentaciones, Johnny Ventura Villa, jefe de AGEBRE, inst\u00f3 a los estudiantes a \u201cdecir no m\u00e1s a la violencia\u201d y agradeci\u00f3 la participaci\u00f3n activa de todos. Asimismo, el estudiante Gustavo Minaya coment\u00f3: \u201cGracias a nuestras maestras y las psic\u00f3logas, ahora s\u00e9 c\u00f3mo hablar de mis emociones\u201d.<\/p>\n<p style=\"text-align: justify;\">Las psic\u00f3logas Heidy Lazo, Alejandra Boyer y Rosario Huam\u00e1n han sido claves en la capacitaci\u00f3n de las docentes, quienes han integrado estos aprendizajes en sus clases de tutor\u00eda. \u201cEstos talleres son una herramienta vital para empoderar a nuestros estudiantes y construir un futuro sin violencia\u201d, afirm\u00f3 Heidy Lazo, coordinadora del Programa Presupuesta 1002.<\/p>\n<p style=\"text-align: justify;\">El evento fue un reflejo del compromiso conjunto entre docentes, estudiantes y especialistas en psicolog\u00eda de AGEBRE de la UGEL 04, quienes han trabajado arduamente para construir un entorno escolar m\u00e1s seguro y emocionalmente saludable.<\/p>\n<p>[\/et_pb_text][\/et_pb_column][\/et_pb_row][\/et_pb_section]<\/p>\n","protected":false},"excerpt":{"rendered":"<p>En marco del desarrollo del primer servicio del Programa Presupuestal 1002 de AGEBRE de la UGEL 04, que busca prevenir la violencia sexual a trav\u00e9s de la educaci\u00f3n emocional, estudiantes [&hellip;]<\/p>\n","protected":false},"author":1,"featured_media":257534,"comment_status":"closed","ping_status":"closed","sticky":false,"template":"","format":"standard","meta":{"_et_pb_use_builder":"on","_et_pb_old_content":"","_et_gb_content_width":"1080","footnotes":""},"categories":[10],"tags":[],"class_list":["post-257533","post","type-post","status-publish","format-standard","has-post-thumbnail","hentry","category-noticias"],"_links":{"self":[{"href":"https:\/\/ugel04.gob.pe\/home\/wp-json\/wp\/v2\/posts\/257533","targetHints":{"allow":["GET"]}}],"collection":[{"href":"https:\/\/ugel04.gob.pe\/home\/wp-json\/wp\/v2\/posts"}],"about":[{"href":"https:\/\/ugel04.gob.pe\/home\/wp-json\/wp\/v2\/types\/post"}],"author":[{"embeddable":true,"href":"https:\/\/ugel04.gob.pe\/home\/wp-json\/wp\/v2\/users\/1"}],"replies":[{"embeddable":true,"href":"https:\/\/ugel04.gob.pe\/home\/wp-json\/wp\/v2\/comments?post=257533"}],"version-history":[{"count":2,"href":"https:\/\/ugel04.gob.pe\/home\/wp-json\/wp\/v2\/posts\/257533\/revisions"}],"predecessor-version":[{"id":257536,"href":"https:\/\/ugel04.gob.pe\/home\/wp-json\/wp\/v2\/posts\/257533\/revisions\/257536"}],"wp:featuredmedia":[{"embeddable":true,"href":"https:\/\/ugel04.gob.pe\/home\/wp-json\/wp\/v2\/media\/257534"}],"wp:attachment":[{"href":"https:\/\/ugel04.gob.pe\/home\/wp-json\/wp\/v2\/media?parent=257533"}],"wp:term":[{"taxonomy":"category","embeddable":true,"href":"https:\/\/ugel04.gob.pe\/home\/wp-json\/wp\/v2\/categories?post=257533"},{"taxonomy":"post_tag","embeddable":true,"href":"https:\/\/ugel04.gob.pe\/home\/wp-json\/wp\/v2\/tags?post=257533"}],"curies":[{"name":"wp","href":"https:\/\/api.w.org\/{rel}","templated":true}]}}