{"id":257449,"date":"2024-09-30T11:21:45","date_gmt":"2024-09-30T16:21:45","guid":{"rendered":"https:\/\/ugel04.gob.pe\/home\/?p=257449"},"modified":"2024-09-30T11:21:53","modified_gmt":"2024-09-30T16:21:53","slug":"estudiantes-de-cetpro-participan-en-i-encuentro-de-confraternidad-y-confianza-2024","status":"publish","type":"post","link":"https:\/\/ugel04.gob.pe\/home\/estudiantes-de-cetpro-participan-en-i-encuentro-de-confraternidad-y-confianza-2024\/","title":{"rendered":"ESTUDIANTES DE CETPRO PARTICIPAN EN I ENCUENTRO DE CONFRATERNIDAD Y CONFIANZA 2024"},"content":{"rendered":"<p>[et_pb_section fb_built=\u00bb1&#8243; theme_builder_area=\u00bbpost_content\u00bb _builder_version=\u00bb4.27.0&#8243; _module_preset=\u00bbdefault\u00bb da_is_popup=\u00bboff\u00bb da_exit_intent=\u00bboff\u00bb da_has_close=\u00bbon\u00bb da_alt_close=\u00bboff\u00bb da_dark_close=\u00bboff\u00bb da_not_modal=\u00bbon\u00bb da_is_singular=\u00bboff\u00bb da_with_loader=\u00bboff\u00bb da_has_shadow=\u00bbon\u00bb da_disable_devices=\u00bboff|off|off\u00bb][et_pb_row _builder_version=\u00bb4.27.0&#8243; _module_preset=\u00bbdefault\u00bb theme_builder_area=\u00bbpost_content\u00bb][et_pb_column _builder_version=\u00bb4.27.0&#8243; _module_preset=\u00bbdefault\u00bb type=\u00bb4_4&#8243; theme_builder_area=\u00bbpost_content\u00bb][et_pb_text _builder_version=\u00bb4.27.0&#8243; _module_preset=\u00bbdefault\u00bb theme_builder_area=\u00bbpost_content\u00bb hover_enabled=\u00bb0&#8243; sticky_enabled=\u00bb0&#8243;]<\/p>\n<p>El I Encuentro de Confraternidad 2024, bajo el lema \u00abConstruyendo Confraternidad y Confianza con la Familia T\u00e9cnica\u00bb, se llev\u00f3 a cabo como un espacio de integraci\u00f3n y promoci\u00f3n socioemocional dirigido a la comunidad de la Educaci\u00f3n T\u00e9cnica Productiva, de la UGEL 04. El evento, celebrado en el Parque Zonal Sinchi Roca del distrito de Comas, incluy\u00f3 diversas actividades recreativas, juegos y encuentros deportivos, fomentando la integraci\u00f3n de los 12 CETPRO de nuestra jurisdicci\u00f3n.<\/p>\n<p>Durante la jornada, que formo parte de las actividades organizadas en marco de la semana de la educaci\u00f3n t\u00e9cnica productiva, directivos, docentes y estudiantes participaron activamente, llevando coloridas pancartas que llenaron el ambiente de alegr\u00eda y entusiasmo.<\/p>\n<p>En nombre de nuestra entidad, el jefe de AGEBATP, Roberto Zevallos, junto con los especialistas del \u00e1rea, dieron la bienvenida a los asistentes, destacando la importancia de estos eventos para fortalecer la uni\u00f3n entre los diferentes CETPRO y promover un ambiente de camarader\u00eda.<\/p>\n<p>El encuentro permiti\u00f3 a los estudiantes de distintos CETPRO compartir momentos de compa\u00f1erismo y sana competencia, mientras los docentes motivaban y alentaban a sus grupos en las diversas actividades recreativas.<\/p>\n<p>La jornada no solo fue una oportunidad para disfrutar, sino tambi\u00e9n para fortalecer los lazos entre las instituciones educativas y promover un ambiente de confianza y colaboraci\u00f3n.<\/p>\n<p>&nbsp;<\/p>\n<p>[\/et_pb_text][\/et_pb_column][\/et_pb_row][\/et_pb_section]<\/p>\n","protected":false},"excerpt":{"rendered":"<p>El I Encuentro de Confraternidad 2024, bajo el lema \u00abConstruyendo Confraternidad y Confianza con la Familia T\u00e9cnica\u00bb, se llev\u00f3 a cabo como un espacio de integraci\u00f3n y promoci\u00f3n socioemocional dirigido [&hellip;]<\/p>\n","protected":false},"author":1,"featured_media":257450,"comment_status":"open","ping_status":"open","sticky":false,"template":"","format":"standard","meta":{"_et_pb_use_builder":"on","_et_pb_old_content":"","_et_gb_content_width":"1080","footnotes":""},"categories":[10],"tags":[],"class_list":["post-257449","post","type-post","status-publish","format-standard","has-post-thumbnail","hentry","category-noticias"],"_links":{"self":[{"href":"https:\/\/ugel04.gob.pe\/home\/wp-json\/wp\/v2\/posts\/257449","targetHints":{"allow":["GET"]}}],"collection":[{"href":"https:\/\/ugel04.gob.pe\/home\/wp-json\/wp\/v2\/posts"}],"about":[{"href":"https:\/\/ugel04.gob.pe\/home\/wp-json\/wp\/v2\/types\/post"}],"author":[{"embeddable":true,"href":"https:\/\/ugel04.gob.pe\/home\/wp-json\/wp\/v2\/users\/1"}],"replies":[{"embeddable":true,"href":"https:\/\/ugel04.gob.pe\/home\/wp-json\/wp\/v2\/comments?post=257449"}],"version-history":[{"count":2,"href":"https:\/\/ugel04.gob.pe\/home\/wp-json\/wp\/v2\/posts\/257449\/revisions"}],"predecessor-version":[{"id":257452,"href":"https:\/\/ugel04.gob.pe\/home\/wp-json\/wp\/v2\/posts\/257449\/revisions\/257452"}],"wp:featuredmedia":[{"embeddable":true,"href":"https:\/\/ugel04.gob.pe\/home\/wp-json\/wp\/v2\/media\/257450"}],"wp:attachment":[{"href":"https:\/\/ugel04.gob.pe\/home\/wp-json\/wp\/v2\/media?parent=257449"}],"wp:term":[{"taxonomy":"category","embeddable":true,"href":"https:\/\/ugel04.gob.pe\/home\/wp-json\/wp\/v2\/categories?post=257449"},{"taxonomy":"post_tag","embeddable":true,"href":"https:\/\/ugel04.gob.pe\/home\/wp-json\/wp\/v2\/tags?post=257449"}],"curies":[{"name":"wp","href":"https:\/\/api.w.org\/{rel}","templated":true}]}}