{"id":257444,"date":"2024-09-27T16:44:23","date_gmt":"2024-09-27T21:44:23","guid":{"rendered":"https:\/\/ugel04.gob.pe\/home\/?p=257444"},"modified":"2024-09-27T16:52:02","modified_gmt":"2024-09-27T21:52:02","slug":"ugel-04-y-reniec-lanzan-campana-gratuita-de-actualizacion-de-dni-para-ninos-y-ninas-de-educuna","status":"publish","type":"post","link":"https:\/\/ugel04.gob.pe\/home\/ugel-04-y-reniec-lanzan-campana-gratuita-de-actualizacion-de-dni-para-ninos-y-ninas-de-educuna\/","title":{"rendered":"UGEL 04 Y RENIEC LANZAN CAMPA\u00d1A GRATUITA DE ACTUALIZACI\u00d3N DE DNI PARA NI\u00d1OS Y NI\u00d1AS DE EDUCUNA"},"content":{"rendered":"<p>[et_pb_section fb_built=\u00bb1&#8243; theme_builder_area=\u00bbpost_content\u00bb _builder_version=\u00bb4.27.0&#8243; _module_preset=\u00bbdefault\u00bb da_is_popup=\u00bboff\u00bb da_exit_intent=\u00bboff\u00bb da_has_close=\u00bbon\u00bb da_alt_close=\u00bboff\u00bb da_dark_close=\u00bboff\u00bb da_not_modal=\u00bbon\u00bb da_is_singular=\u00bboff\u00bb da_with_loader=\u00bboff\u00bb da_has_shadow=\u00bbon\u00bb da_disable_devices=\u00bboff|off|off\u00bb][et_pb_row _builder_version=\u00bb4.27.0&#8243; _module_preset=\u00bbdefault\u00bb theme_builder_area=\u00bbpost_content\u00bb][et_pb_column _builder_version=\u00bb4.27.0&#8243; _module_preset=\u00bbdefault\u00bb type=\u00bb4_4&#8243; theme_builder_area=\u00bbpost_content\u00bb][et_pb_text _builder_version=\u00bb4.27.0&#8243; _module_preset=\u00bbdefault\u00bb theme_builder_area=\u00bbpost_content\u00bb hover_enabled=\u00bb0&#8243; sticky_enabled=\u00bb0&#8243;]<\/p>\n<p>En el marco de la articulaci\u00f3n territorial entre la UGEL 04 y la RENIEC, se inici\u00f3 una campa\u00f1a gratuita de actualizaci\u00f3n del DNI para los ni\u00f1os y ni\u00f1as matriculados en las EDUCUNAS de nuestra jurisdicci\u00f3n, esta iniciativa busca garantizar que todos los menores de 3 a\u00f1os, incluidos aquellos de origen extranjero, cuenten con su Documento Nacional de Identidad, facilitando as\u00ed su acceso a servicios p\u00fablicos, programas sociales y educaci\u00f3n.<\/p>\n<p>La campa\u00f1a se est\u00e1 llevando a cabo en las trece cunas jard\u00edn de la UGEL 04, donde se ofrece atenci\u00f3n integral a ni\u00f1os y ni\u00f1as de 12 a 36 meses, con un horario de hasta 8 horas diarias. Durante este tiempo, se brinda educaci\u00f3n y cuidado en un entorno que promueve el aprendizaje a trav\u00e9s del juego y la exploraci\u00f3n, con el apoyo de docentes especializados.<\/p>\n<p>Cabe mencionar que, la actualizaci\u00f3n del DNI es esencial para asegurar que los menores, tanto peruanos como extranjeros, puedan acceder a servicios fundamentales vinculados a la salud y la educaci\u00f3n.<\/p>\n<p>En la actualidad, muchos ni\u00f1os extranjeros a\u00fan no cuentan con DNI peruano, lo que limita su integraci\u00f3n y acceso a beneficios estatales.<\/p>\n<p>Con la finalidad de atender a todos los necesitados y en tiempo prudente, los DNI actualizados, que incluir\u00e1n datos y fotograf\u00edas recientes, ser\u00e1n entregados a los apoderados en un plazo de 30 d\u00edas luego de su solicitud.<\/p>\n<p>La UGEL 04 enfatiza la importancia de coordinar esfuerzos intersectoriales y con diversas instituciones para ofrecer un servicio integral que contemple necesidades b\u00e1sicas de cuidado, salud y alimentaci\u00f3n; como la presente campa\u00f1a, que beneficiar\u00e1 a todos los ni\u00f1os y ni\u00f1as menores de tres a\u00f1os matriculados en las EDUCUNAS de nuestra jurisdicci\u00f3n.<\/p>\n<p>[\/et_pb_text][\/et_pb_column][\/et_pb_row][\/et_pb_section]<\/p>\n","protected":false},"excerpt":{"rendered":"<p>En el marco de la articulaci\u00f3n territorial entre la UGEL 04 y la RENIEC, se inici\u00f3 una campa\u00f1a gratuita de actualizaci\u00f3n del DNI para los ni\u00f1os y ni\u00f1as matriculados en [&hellip;]<\/p>\n","protected":false},"author":1,"featured_media":257445,"comment_status":"open","ping_status":"open","sticky":false,"template":"","format":"standard","meta":{"_et_pb_use_builder":"on","_et_pb_old_content":"","_et_gb_content_width":"1080","footnotes":""},"categories":[10],"tags":[],"class_list":["post-257444","post","type-post","status-publish","format-standard","has-post-thumbnail","hentry","category-noticias"],"_links":{"self":[{"href":"https:\/\/ugel04.gob.pe\/home\/wp-json\/wp\/v2\/posts\/257444","targetHints":{"allow":["GET"]}}],"collection":[{"href":"https:\/\/ugel04.gob.pe\/home\/wp-json\/wp\/v2\/posts"}],"about":[{"href":"https:\/\/ugel04.gob.pe\/home\/wp-json\/wp\/v2\/types\/post"}],"author":[{"embeddable":true,"href":"https:\/\/ugel04.gob.pe\/home\/wp-json\/wp\/v2\/users\/1"}],"replies":[{"embeddable":true,"href":"https:\/\/ugel04.gob.pe\/home\/wp-json\/wp\/v2\/comments?post=257444"}],"version-history":[{"count":3,"href":"https:\/\/ugel04.gob.pe\/home\/wp-json\/wp\/v2\/posts\/257444\/revisions"}],"predecessor-version":[{"id":257448,"href":"https:\/\/ugel04.gob.pe\/home\/wp-json\/wp\/v2\/posts\/257444\/revisions\/257448"}],"wp:featuredmedia":[{"embeddable":true,"href":"https:\/\/ugel04.gob.pe\/home\/wp-json\/wp\/v2\/media\/257445"}],"wp:attachment":[{"href":"https:\/\/ugel04.gob.pe\/home\/wp-json\/wp\/v2\/media?parent=257444"}],"wp:term":[{"taxonomy":"category","embeddable":true,"href":"https:\/\/ugel04.gob.pe\/home\/wp-json\/wp\/v2\/categories?post=257444"},{"taxonomy":"post_tag","embeddable":true,"href":"https:\/\/ugel04.gob.pe\/home\/wp-json\/wp\/v2\/tags?post=257444"}],"curies":[{"name":"wp","href":"https:\/\/api.w.org\/{rel}","templated":true}]}}