{"id":257440,"date":"2024-09-27T11:04:16","date_gmt":"2024-09-27T16:04:16","guid":{"rendered":"https:\/\/ugel04.gob.pe\/home\/?p=257440"},"modified":"2024-09-27T11:04:44","modified_gmt":"2024-09-27T16:04:44","slug":"estudiantes-de-cetpro-exhiben-capacidades-en-concurso-tecnico-e-innovador-en-el-mundo-productivo","status":"publish","type":"post","link":"https:\/\/ugel04.gob.pe\/home\/estudiantes-de-cetpro-exhiben-capacidades-en-concurso-tecnico-e-innovador-en-el-mundo-productivo\/","title":{"rendered":"ESTUDIANTES DE CETPRO EXHIBEN CAPACIDADES EN \u201cCONCURSO T\u00c9CNICO E INNOVADOR EN EL MUNDO PRODUCTIVO\u201d"},"content":{"rendered":"<p>[et_pb_section fb_built=\u00bb1&#8243; theme_builder_area=\u00bbpost_content\u00bb _builder_version=\u00bb4.27.0&#8243; _module_preset=\u00bbdefault\u00bb da_is_popup=\u00bboff\u00bb da_exit_intent=\u00bboff\u00bb da_has_close=\u00bbon\u00bb da_alt_close=\u00bboff\u00bb da_dark_close=\u00bboff\u00bb da_not_modal=\u00bbon\u00bb da_is_singular=\u00bboff\u00bb da_with_loader=\u00bboff\u00bb da_has_shadow=\u00bbon\u00bb da_disable_devices=\u00bboff|off|off\u00bb][et_pb_row _builder_version=\u00bb4.27.0&#8243; _module_preset=\u00bbdefault\u00bb theme_builder_area=\u00bbpost_content\u00bb][et_pb_column _builder_version=\u00bb4.27.0&#8243; _module_preset=\u00bbdefault\u00bb type=\u00bb4_4&#8243; theme_builder_area=\u00bbpost_content\u00bb][et_pb_text _builder_version=\u00bb4.27.0&#8243; _module_preset=\u00bbdefault\u00bb theme_builder_area=\u00bbpost_content\u00bb]<\/p>\n<p>Como parte de las actividades desarrolladas en la semana de la educaci\u00f3n t\u00e9cnica productiva y con el objetivo de fomentar el desarrollo de competencias en emprendimiento, creatividad e innovaci\u00f3n tecnol\u00f3gica, la UGEL 04 llev\u00f3 a cabo el Concurso T\u00e9cnico e Innovador en el Mundo Productivo, en el cual, estudiantes de diversos CETPRO de la jurisdicci\u00f3n, demostraron los conocimientos adquiridos durante su formaci\u00f3n acad\u00e9mica.<\/p>\n<p>El concurso que tuvo como sede las instalaciones del CETPRO Santa Luzmila, se realiz\u00f3 en un ambiente competitivo y colaborativo, con la exposici\u00f3n de productos elaborados por los estudiantes seg\u00fan su especialidad, distribuidos en diferentes aulas.<\/p>\n<p>Cada actividad estuvo bajo la evaluaci\u00f3n de jurados calificados, quienes determinaron a los ganadores con criterio y objetividad, adem\u00e1s, los compa\u00f1eros de los participantes tambi\u00e9n tuvieron la oportunidad de observar las competencias, creando un ambiente de apoyo y compa\u00f1erismo.<\/p>\n<p>El evento sirvi\u00f3 como una plataforma para exhibir las destrezas adquiridas en las aulas y busc\u00f3 contribuir al mejoramiento de la empleabilidad de los estudiantes, prepar\u00e1ndolos para enfrentar los desaf\u00edos del mundo productivo.<\/p>\n<p>Cabe recalcar que, estos ganadores nos representar\u00e1n en la etapa DRELM, donde competir\u00e1n con otras UGEL de Lima Metropolitana en la I Feria Regional T\u00e9cnico Productiva \u201cDel CETPRO a la Chamba\u201d.<\/p>\n<p><strong>Resultados del concurso:<\/strong><\/p>\n<p><strong>Decoraci\u00f3n de Tortas Tem\u00e1tica \u00ab15 a\u00f1os\u00bb:<\/strong><\/p>\n<ul>\n<li>1er puesto: CETPRO Carabayllo<\/li>\n<li>2do puesto: CETPRO Nuestra Se\u00f1ora de Lourdes<\/li>\n<li>3er puesto: CETPRO Promae Comas<\/li>\n<\/ul>\n<p><strong>Mejor Plato Innovador:<\/strong><\/p>\n<ul>\n<li>1er puesto: CETPRO Santa Luzmila<\/li>\n<li>2do puesto: CETPRO Juana Iris Cuadros Rivera<\/li>\n<li>3er puesto: CETPRO Nuestra Se\u00f1ora de la Misericordia<\/li>\n<\/ul>\n<p><strong>Mejor Decoraci\u00f3n y Presentaci\u00f3n de Mesa Buffet Tem\u00e1tica \u00ab15 a\u00f1os\u00bb:<\/strong><\/p>\n<ul>\n<li>1er puesto: CETPRO Carmen Alto<\/li>\n<li>2do puesto: CETPRO Carabayllo<\/li>\n<li>3er puesto: CETPRO Juana Iris Cuadros Rivera<\/li>\n<\/ul>\n<p><strong>Corte de Vanguardia:<\/strong><\/p>\n<ul>\n<li>1er puesto: CETPRO Juana Iris Cuadros Rivera<\/li>\n<li>2do puesto: CETPRO Carabayllo<\/li>\n<\/ul>\n<p><strong>Batalla de Barberos:<\/strong><\/p>\n<ul>\n<li>1er puesto: CETPRO Juana Iris Cuadros Rivera<\/li>\n<li>2do puesto: CETPRO Nuestra Se\u00f1ora de Lourdes<\/li>\n<li>3er puesto: CETPRO Carabayllo<\/li>\n<\/ul>\n<p><strong>Peinados de Fiesta:<\/strong><\/p>\n<ul>\n<li>1er puesto: CETPRO La Pascana<\/li>\n<li>2do puesto: CETPRO Carabayllo<\/li>\n<li>3er puesto: CETPRO Nuestra Se\u00f1ora de la Misericordia.<\/li>\n<\/ul>\n<p>UGEL 04 felicita a todos los participantes del Concurso T\u00e9cnico e Innovador por su dedicaci\u00f3n y esfuerzo, su compromiso ha demostrado el potencial que poseen para sobresalir en el mundo productivo, fortaleciendo su camino hacia el emprendimiento y la innovaci\u00f3n. \u00a1Felicidades!<\/p>\n<p>[\/et_pb_text][\/et_pb_column][\/et_pb_row][\/et_pb_section]<\/p>\n","protected":false},"excerpt":{"rendered":"<p>Como parte de las actividades desarrolladas en la semana de la educaci\u00f3n t\u00e9cnica productiva y con el objetivo de fomentar el desarrollo de competencias en emprendimiento, creatividad e innovaci\u00f3n tecnol\u00f3gica, [&hellip;]<\/p>\n","protected":false},"author":1,"featured_media":257441,"comment_status":"closed","ping_status":"open","sticky":false,"template":"","format":"standard","meta":{"_et_pb_use_builder":"on","_et_pb_old_content":"","_et_gb_content_width":"1080","footnotes":""},"categories":[10],"tags":[],"class_list":["post-257440","post","type-post","status-publish","format-standard","has-post-thumbnail","hentry","category-noticias"],"_links":{"self":[{"href":"https:\/\/ugel04.gob.pe\/home\/wp-json\/wp\/v2\/posts\/257440","targetHints":{"allow":["GET"]}}],"collection":[{"href":"https:\/\/ugel04.gob.pe\/home\/wp-json\/wp\/v2\/posts"}],"about":[{"href":"https:\/\/ugel04.gob.pe\/home\/wp-json\/wp\/v2\/types\/post"}],"author":[{"embeddable":true,"href":"https:\/\/ugel04.gob.pe\/home\/wp-json\/wp\/v2\/users\/1"}],"replies":[{"embeddable":true,"href":"https:\/\/ugel04.gob.pe\/home\/wp-json\/wp\/v2\/comments?post=257440"}],"version-history":[{"count":2,"href":"https:\/\/ugel04.gob.pe\/home\/wp-json\/wp\/v2\/posts\/257440\/revisions"}],"predecessor-version":[{"id":257443,"href":"https:\/\/ugel04.gob.pe\/home\/wp-json\/wp\/v2\/posts\/257440\/revisions\/257443"}],"wp:featuredmedia":[{"embeddable":true,"href":"https:\/\/ugel04.gob.pe\/home\/wp-json\/wp\/v2\/media\/257441"}],"wp:attachment":[{"href":"https:\/\/ugel04.gob.pe\/home\/wp-json\/wp\/v2\/media?parent=257440"}],"wp:term":[{"taxonomy":"category","embeddable":true,"href":"https:\/\/ugel04.gob.pe\/home\/wp-json\/wp\/v2\/categories?post=257440"},{"taxonomy":"post_tag","embeddable":true,"href":"https:\/\/ugel04.gob.pe\/home\/wp-json\/wp\/v2\/tags?post=257440"}],"curies":[{"name":"wp","href":"https:\/\/api.w.org\/{rel}","templated":true}]}}