{"id":257432,"date":"2024-09-26T16:28:57","date_gmt":"2024-09-26T21:28:57","guid":{"rendered":"https:\/\/ugel04.gob.pe\/home\/?p=257432"},"modified":"2024-09-26T16:29:05","modified_gmt":"2024-09-26T21:29:05","slug":"brindamos-reconocimiento-a-patricia-aguilar-seleccionada-de-voley-sub-19-que-clasifico-a-mundial-2025","status":"publish","type":"post","link":"https:\/\/ugel04.gob.pe\/home\/brindamos-reconocimiento-a-patricia-aguilar-seleccionada-de-voley-sub-19-que-clasifico-a-mundial-2025\/","title":{"rendered":"BRINDAMOS RECONOCIMIENTO A PATRICIA AGUILAR, SELECCIONADA DE V\u00d3LEY SUB 19 QUE CLASIFIC\u00d3 A MUNDIAL 2025"},"content":{"rendered":"<p>[et_pb_section fb_built=\u00bb1&#8243; theme_builder_area=\u00bbpost_content\u00bb _builder_version=\u00bb4.27.0&#8243; _module_preset=\u00bbdefault\u00bb da_is_popup=\u00bboff\u00bb da_exit_intent=\u00bboff\u00bb da_has_close=\u00bbon\u00bb da_alt_close=\u00bboff\u00bb da_dark_close=\u00bboff\u00bb da_not_modal=\u00bbon\u00bb da_is_singular=\u00bboff\u00bb da_with_loader=\u00bboff\u00bb da_has_shadow=\u00bbon\u00bb da_disable_devices=\u00bboff|off|off\u00bb][et_pb_row _builder_version=\u00bb4.27.0&#8243; _module_preset=\u00bbdefault\u00bb theme_builder_area=\u00bbpost_content\u00bb][et_pb_column _builder_version=\u00bb4.27.0&#8243; _module_preset=\u00bbdefault\u00bb type=\u00bb4_4&#8243; theme_builder_area=\u00bbpost_content\u00bb][et_pb_text _builder_version=\u00bb4.27.0&#8243; _module_preset=\u00bbdefault\u00bb theme_builder_area=\u00bbpost_content\u00bb hover_enabled=\u00bb0&#8243; sticky_enabled=\u00bb0&#8243;]<\/p>\n<p>Continuando con el merecido reconocimiento a nuestros escolares destacados, la UGEL 04 realiz\u00f3 la entrega de un diploma de honor y una pelota con mensajes de felicitaci\u00f3n, a la estudiante de la IE Liceo Santo Domingo de Comas, Patricia Aguilar Villena (17), por habernos representado con gran \u00e9xito en el Sudamericano de V\u00f3ley Femenino sub 19, como integrante de la selecci\u00f3n peruana que obtuvo la medalla de bronce y subsecuente clasificaci\u00f3n al mundial de la categor\u00eda a desarrollarse el 2025.<\/p>\n<p>El homenaje a Patricia Aguilar, quien juega como atacante en la selecci\u00f3n nacional, se desarroll\u00f3 ante la algarab\u00eda de sus compa\u00f1eros y las muestras de orgullo de los docentes y directivos constituidos en el patio del plantel de la IE Liceo Santo Domingo, en donde, el representante de la UGEL 04, Roberto Zevallos destac\u00f3 el sentir de nuestra comunidad educativa ante los logros que viene obteniendo la joven voleibolista.<\/p>\n<p>\u201cCelebramos el lauro conseguido por Patricia. Ella representa a todos los estudiantes triunfadores y aguerridos que logran el \u00e9xito con sacrificio. Recordemos que estos logros se inician en la escuela, con la motivaci\u00f3n de los profesores, la colaboraci\u00f3n de los compa\u00f1eros y el apoyo de los padres de familia. Gracias Patricia por darnos esta felicidad y por enorgullecer a la comunidad educativa de nuestra jurisdicci\u00f3n\u201d, se\u00f1al\u00f3.<\/p>\n<p>El reconocimiento de parte del jefe de AGEBATP Roberto Zevallos \u2013a nombre de nuestra entidad-, fue recibido con mucha emoci\u00f3n por la comunidad educativa presente, especialmente por los estudiantes quienes aprovecharon el agasajo para pedir aut\u00f3grafos y estrechar con abrazos efusivos a la voleibolista.<\/p>\n<p>Patricia Avril Aguilar Villena, quien actualmente cursa el quinto a\u00f1o de educaci\u00f3n secundaria en la IEP Liceo Santo Domingo, de El Pinar, Comas, fue parte importante del equipo peruano que compiti\u00f3 en el Campeonato Sudamericano de Voleibol Sub-19, desarrollado en Brasil, bajo la direcci\u00f3n t\u00e9cnica de Mart\u00edn Escudero, logrando el tercer puesto y por consecuencia, el derecho a participar en el Mundial Sub 19 el pr\u00f3ximo a\u00f1o 2025.<\/p>\n<p><strong>Datos importantes<\/strong><\/p>\n<p>Cabe recordar, que al igual que Patricia Aguilar, la estudiante Liana Torres Re\u00e1tegui -tambi\u00e9n alumna de la IE Liceo Santo Domingo- y Alexa Vega Centeno, estudiante de la IEP Miguel de Cervantes de Puente Piedra, son integrantes de las selecciones de voleibol de Per\u00fa, en las categor\u00edas Sub 17 y Sub 19.<\/p>\n<p>Su desempe\u00f1o en los campos deportivos y en las aulas, son un ejemplo para millones de j\u00f3venes, quienes como ellas pueden cumplir sus sue\u00f1os, con disciplina, entrega y perseverancia. \u00a1Arriba Per\u00fa!<\/p>\n<p>[\/et_pb_text][\/et_pb_column][\/et_pb_row][\/et_pb_section]<\/p>\n","protected":false},"excerpt":{"rendered":"<p>Continuando con el merecido reconocimiento a nuestros escolares destacados, la UGEL 04 realiz\u00f3 la entrega de un diploma de honor y una pelota con mensajes de felicitaci\u00f3n, a la estudiante [&hellip;]<\/p>\n","protected":false},"author":1,"featured_media":257433,"comment_status":"open","ping_status":"open","sticky":false,"template":"","format":"standard","meta":{"_et_pb_use_builder":"on","_et_pb_old_content":"","_et_gb_content_width":"1080","footnotes":""},"categories":[10],"tags":[],"class_list":["post-257432","post","type-post","status-publish","format-standard","has-post-thumbnail","hentry","category-noticias"],"_links":{"self":[{"href":"https:\/\/ugel04.gob.pe\/home\/wp-json\/wp\/v2\/posts\/257432","targetHints":{"allow":["GET"]}}],"collection":[{"href":"https:\/\/ugel04.gob.pe\/home\/wp-json\/wp\/v2\/posts"}],"about":[{"href":"https:\/\/ugel04.gob.pe\/home\/wp-json\/wp\/v2\/types\/post"}],"author":[{"embeddable":true,"href":"https:\/\/ugel04.gob.pe\/home\/wp-json\/wp\/v2\/users\/1"}],"replies":[{"embeddable":true,"href":"https:\/\/ugel04.gob.pe\/home\/wp-json\/wp\/v2\/comments?post=257432"}],"version-history":[{"count":2,"href":"https:\/\/ugel04.gob.pe\/home\/wp-json\/wp\/v2\/posts\/257432\/revisions"}],"predecessor-version":[{"id":257435,"href":"https:\/\/ugel04.gob.pe\/home\/wp-json\/wp\/v2\/posts\/257432\/revisions\/257435"}],"wp:featuredmedia":[{"embeddable":true,"href":"https:\/\/ugel04.gob.pe\/home\/wp-json\/wp\/v2\/media\/257433"}],"wp:attachment":[{"href":"https:\/\/ugel04.gob.pe\/home\/wp-json\/wp\/v2\/media?parent=257432"}],"wp:term":[{"taxonomy":"category","embeddable":true,"href":"https:\/\/ugel04.gob.pe\/home\/wp-json\/wp\/v2\/categories?post=257432"},{"taxonomy":"post_tag","embeddable":true,"href":"https:\/\/ugel04.gob.pe\/home\/wp-json\/wp\/v2\/tags?post=257432"}],"curies":[{"name":"wp","href":"https:\/\/api.w.org\/{rel}","templated":true}]}}