{"id":257412,"date":"2024-09-24T16:47:04","date_gmt":"2024-09-24T21:47:04","guid":{"rendered":"https:\/\/ugel04.gob.pe\/home\/?p=257412"},"modified":"2024-09-24T16:47:12","modified_gmt":"2024-09-24T21:47:12","slug":"jubiloso-inicio-de-semana-tecnica-productiva-de-cetpro","status":"publish","type":"post","link":"https:\/\/ugel04.gob.pe\/home\/jubiloso-inicio-de-semana-tecnica-productiva-de-cetpro\/","title":{"rendered":"JUBILOSO INICIO DE SEMANA T\u00c9CNICA PRODUCTIVA DE CETPRO"},"content":{"rendered":"<p>[et_pb_section fb_built=\u00bb1&#8243; theme_builder_area=\u00bbpost_content\u00bb _builder_version=\u00bb4.27.0&#8243; _module_preset=\u00bbdefault\u00bb da_is_popup=\u00bboff\u00bb da_exit_intent=\u00bboff\u00bb da_has_close=\u00bbon\u00bb da_alt_close=\u00bboff\u00bb da_dark_close=\u00bboff\u00bb da_not_modal=\u00bbon\u00bb da_is_singular=\u00bboff\u00bb da_with_loader=\u00bboff\u00bb da_has_shadow=\u00bbon\u00bb da_disable_devices=\u00bboff|off|off\u00bb][et_pb_row _builder_version=\u00bb4.27.0&#8243; _module_preset=\u00bbdefault\u00bb theme_builder_area=\u00bbpost_content\u00bb][et_pb_column _builder_version=\u00bb4.27.0&#8243; _module_preset=\u00bbdefault\u00bb type=\u00bb4_4&#8243; theme_builder_area=\u00bbpost_content\u00bb][et_pb_text _builder_version=\u00bb4.27.0&#8243; _module_preset=\u00bbdefault\u00bb theme_builder_area=\u00bbpost_content\u00bb hover_enabled=\u00bb0&#8243; sticky_enabled=\u00bb0&#8243;]<\/p>\n<p>Con una reflexiva paraliturgia y desfile de delegaciones estudiantiles, celebradas en la sede de la IE Luis Braille de Comas, se dio inicio la semana de la educaci\u00f3n t\u00e9cnica productiva, en la cual los 14 CETPRO de nuestra jurisdicci\u00f3n realizar\u00e1n diversas actividades destinadas a difundir las acciones y los productos que elaboran sus estudiantes, como parte de la educaci\u00f3n que reciben en las aulas.<\/p>\n<p>Durante la actividad organizada en forma conjunta por la Red Especializada de Cetpro y la UGEL 04, directivos, docentes y estudiantes de la modalidad, renovaron su compromiso de seguir contribuyendo con el desarrollo de la educaci\u00f3n t\u00e9cnica, a fin de lograr que un mayor n\u00famero de personas accedan al servicio, reciban una preparaci\u00f3n id\u00f3nea y luego se inserten de manera fruct\u00edfera al mercado laboral.<\/p>\n<p>Tras la ceremonia religiosa a cargo de la congregaci\u00f3n Hijas de la Misericordia, el jefe de AGEBATP Roberto Zevallos \u2013en representaci\u00f3n de la directora Nelly Cunza- resalt\u00f3 la importancia de la educaci\u00f3n t\u00e9cnica como un pilar fundamental para abastecer y potenciar el desarrollo empresarial e industrial en nuestro pa\u00eds.<\/p>\n<p>\u201cLos Cetpro de nuestra jurisdicci\u00f3n brindan oportunidades a cientos de personas que desean pulir sus habilidades y conocimientos, permiti\u00e9ndoles generar emprendimientos o adquirir empleos dignos. De esta manera la educaci\u00f3n t\u00e9cnica viene contribuyendo al desarrollo del pa\u00eds\u201d, sentenci\u00f3.<\/p>\n<p>Asimismo, se\u00f1al\u00f3 que el congreso de la rep\u00fablica aprob\u00f3 una Ley, mediante la cual declara el 24 de setiembre como D\u00eda Nacional de la Educaci\u00f3n T\u00e9cnica en el Per\u00fa, respaldando de esta forma la encomiable labor que cumplen las instituciones educativas dedicadas a este rol formador.<\/p>\n<p>La apertura de esta importante actividad culmin\u00f3 con un jubiloso pasacalle de las delegaciones estudiantiles de los Cetpro p\u00fablicos de la jurisdicci\u00f3n de la UGEL 04, en la cual, directivos, docentes y alumnos demostraron su emoci\u00f3n mediante cantos y bailes.<\/p>\n<p><strong>Actividades diversas<\/strong><\/p>\n<p>Cabe destacar que, en marco de las actividades por la semana de la educaci\u00f3n t\u00e9cnica productiva, los Cetpro de nuestro sector desarrollar\u00e1n Ferias descentralizadas de exhibici\u00f3n de sus saberes y productos; asimismo, el 25 de setiembre, se realizar\u00e1 un concurso inter sedes en la cual, se evaluar\u00e1 la producci\u00f3n de los estudiantes por carreras y especialidades \u2013 los ganadores ir\u00e1n a un encuentro metropolitano a desarrollarse en la Municipalidad de Los Olivos.<\/p>\n<p>Finalmente se ha planificado la realizaci\u00f3n de un encuentro de confraternidad de la comunidad educativa de los Cetpro en el parque Zonal Sinchi Roca, en el cual se realizar\u00e1n juegos de gymkana, futbol, v\u00f3ley, entre otros.<\/p>\n<p>[\/et_pb_text][\/et_pb_column][\/et_pb_row][\/et_pb_section]<\/p>\n","protected":false},"excerpt":{"rendered":"<p>Con una reflexiva paraliturgia y desfile de delegaciones estudiantiles, celebradas en la sede de la IE Luis Braille de Comas, se dio inicio la semana de la educaci\u00f3n t\u00e9cnica productiva, [&hellip;]<\/p>\n","protected":false},"author":1,"featured_media":257413,"comment_status":"open","ping_status":"open","sticky":false,"template":"","format":"standard","meta":{"_et_pb_use_builder":"on","_et_pb_old_content":"","_et_gb_content_width":"1080","footnotes":""},"categories":[10],"tags":[],"class_list":["post-257412","post","type-post","status-publish","format-standard","has-post-thumbnail","hentry","category-noticias"],"_links":{"self":[{"href":"https:\/\/ugel04.gob.pe\/home\/wp-json\/wp\/v2\/posts\/257412","targetHints":{"allow":["GET"]}}],"collection":[{"href":"https:\/\/ugel04.gob.pe\/home\/wp-json\/wp\/v2\/posts"}],"about":[{"href":"https:\/\/ugel04.gob.pe\/home\/wp-json\/wp\/v2\/types\/post"}],"author":[{"embeddable":true,"href":"https:\/\/ugel04.gob.pe\/home\/wp-json\/wp\/v2\/users\/1"}],"replies":[{"embeddable":true,"href":"https:\/\/ugel04.gob.pe\/home\/wp-json\/wp\/v2\/comments?post=257412"}],"version-history":[{"count":2,"href":"https:\/\/ugel04.gob.pe\/home\/wp-json\/wp\/v2\/posts\/257412\/revisions"}],"predecessor-version":[{"id":257415,"href":"https:\/\/ugel04.gob.pe\/home\/wp-json\/wp\/v2\/posts\/257412\/revisions\/257415"}],"wp:featuredmedia":[{"embeddable":true,"href":"https:\/\/ugel04.gob.pe\/home\/wp-json\/wp\/v2\/media\/257413"}],"wp:attachment":[{"href":"https:\/\/ugel04.gob.pe\/home\/wp-json\/wp\/v2\/media?parent=257412"}],"wp:term":[{"taxonomy":"category","embeddable":true,"href":"https:\/\/ugel04.gob.pe\/home\/wp-json\/wp\/v2\/categories?post=257412"},{"taxonomy":"post_tag","embeddable":true,"href":"https:\/\/ugel04.gob.pe\/home\/wp-json\/wp\/v2\/tags?post=257412"}],"curies":[{"name":"wp","href":"https:\/\/api.w.org\/{rel}","templated":true}]}}