{"id":257407,"date":"2024-09-24T15:20:21","date_gmt":"2024-09-24T20:20:21","guid":{"rendered":"https:\/\/ugel04.gob.pe\/home\/?p=257407"},"modified":"2024-09-24T15:20:29","modified_gmt":"2024-09-24T20:20:29","slug":"estudiantes-de-colegios-publicos-y-privados-exhiben-proyectos-innovadores-en-feria-eureka-2024-etapa-ugel","status":"publish","type":"post","link":"https:\/\/ugel04.gob.pe\/home\/estudiantes-de-colegios-publicos-y-privados-exhiben-proyectos-innovadores-en-feria-eureka-2024-etapa-ugel\/","title":{"rendered":"ESTUDIANTES DE COLEGIOS P\u00daBLICOS Y PRIVADOS EXHIBEN PROYECTOS INNOVADORES EN FERIA EUREKA 2024- ETAPA UGEL"},"content":{"rendered":"<p>[et_pb_section fb_built=\u00bb1&#8243; theme_builder_area=\u00bbpost_content\u00bb _builder_version=\u00bb4.27.0&#8243; _module_preset=\u00bbdefault\u00bb da_is_popup=\u00bboff\u00bb da_exit_intent=\u00bboff\u00bb da_has_close=\u00bbon\u00bb da_alt_close=\u00bboff\u00bb da_dark_close=\u00bboff\u00bb da_not_modal=\u00bbon\u00bb da_is_singular=\u00bboff\u00bb da_with_loader=\u00bboff\u00bb da_has_shadow=\u00bbon\u00bb da_disable_devices=\u00bboff|off|off\u00bb][et_pb_row _builder_version=\u00bb4.27.0&#8243; _module_preset=\u00bbdefault\u00bb theme_builder_area=\u00bbpost_content\u00bb][et_pb_column _builder_version=\u00bb4.27.0&#8243; _module_preset=\u00bbdefault\u00bb type=\u00bb4_4&#8243; theme_builder_area=\u00bbpost_content\u00bb][et_pb_text _builder_version=\u00bb4.27.0&#8243; _module_preset=\u00bbdefault\u00bb theme_builder_area=\u00bbpost_content\u00bb hover_enabled=\u00bb0&#8243; sticky_enabled=\u00bb0&#8243;]<\/p>\n<p>Con gran \u00e9xito se desarroll\u00f3 la etapa UGEL de la XXXIV Feria Escolar Nacional de Ciencia y Tecnolog\u00eda \u201cEUREKA\u201d 2024 en la IE. N\u00b0 2026 Sim\u00f3n Bol\u00edvar, ubicada en el distrito de Comas; un evento que congreg\u00f3 a estudiantes de EBR, pertenecientes a los niveles primaria y secundaria de instituciones educativas p\u00fablicas y privadas, quienes, acompa\u00f1ados por sus directivos y docentes, presentaron proyectos innovadores enfocados en la ciencia y tecnolog\u00eda.<\/p>\n<p>Los trabajos -guiados por docentes asesores- fueron elaborados utilizando m\u00e9todos cient\u00edficos y tecnol\u00f3gicos, teniendo en cuenta enfoques de indagaci\u00f3n, ciudadan\u00eda activa y transversalidad. Cada proyecto estuvo representado por un m\u00e1ximo de tres estudiantes y un docente asesor, quienes mostraron su creatividad y capacidad innovadora en busca de soluciones a los problemas del entorno.<\/p>\n<p>Durante la feria desarrollada en el coliseo de la IE Sim\u00f3n Bol\u00edvar, el jefe de AGEBATP Roberto Zevallos, particip\u00f3 en representaci\u00f3n de la directora de la UGEL 04, Nelly Cunza, motivando y resaltando la creatividad de los estudiantes concursantes, quienes expusieron diversos trabajos innovadores beneficiosos para la sociedad.<\/p>\n<p>El jurado calificador integrado por especialistas colaboradores, evalu\u00f3 los proyectos en las categor\u00edas A, B, C y D, valorando la capacidad intelectual de los estudiantes y su aporte al desarrollo de la educaci\u00f3n cient\u00edfica y tecnol\u00f3gica.<\/p>\n<p>Esta feria no solo impulsa el talento de los j\u00f3venes, sino que tambi\u00e9n fomenta la innovaci\u00f3n, contribuyendo a la mejora de los aprendizajes y al desarrollo del pa\u00eds. Invitamos a toda la comunidad educativa a seguir participando y apoyando estas iniciativas que marcan la diferencia.<\/p>\n<p>Los resultados, ser\u00e1n dados a conocer pr\u00f3ximamente en nuestras redes sociales.<\/p>\n<p>[\/et_pb_text][\/et_pb_column][\/et_pb_row][\/et_pb_section]<\/p>\n","protected":false},"excerpt":{"rendered":"<p>Con gran \u00e9xito se desarroll\u00f3 la etapa UGEL de la XXXIV Feria Escolar Nacional de Ciencia y Tecnolog\u00eda \u201cEUREKA\u201d 2024 en la IE. N\u00b0 2026 Sim\u00f3n Bol\u00edvar, ubicada en el [&hellip;]<\/p>\n","protected":false},"author":1,"featured_media":257408,"comment_status":"open","ping_status":"open","sticky":false,"template":"","format":"standard","meta":{"_et_pb_use_builder":"on","_et_pb_old_content":"","_et_gb_content_width":"1080","footnotes":""},"categories":[10],"tags":[],"class_list":["post-257407","post","type-post","status-publish","format-standard","has-post-thumbnail","hentry","category-noticias"],"_links":{"self":[{"href":"https:\/\/ugel04.gob.pe\/home\/wp-json\/wp\/v2\/posts\/257407","targetHints":{"allow":["GET"]}}],"collection":[{"href":"https:\/\/ugel04.gob.pe\/home\/wp-json\/wp\/v2\/posts"}],"about":[{"href":"https:\/\/ugel04.gob.pe\/home\/wp-json\/wp\/v2\/types\/post"}],"author":[{"embeddable":true,"href":"https:\/\/ugel04.gob.pe\/home\/wp-json\/wp\/v2\/users\/1"}],"replies":[{"embeddable":true,"href":"https:\/\/ugel04.gob.pe\/home\/wp-json\/wp\/v2\/comments?post=257407"}],"version-history":[{"count":2,"href":"https:\/\/ugel04.gob.pe\/home\/wp-json\/wp\/v2\/posts\/257407\/revisions"}],"predecessor-version":[{"id":257410,"href":"https:\/\/ugel04.gob.pe\/home\/wp-json\/wp\/v2\/posts\/257407\/revisions\/257410"}],"wp:featuredmedia":[{"embeddable":true,"href":"https:\/\/ugel04.gob.pe\/home\/wp-json\/wp\/v2\/media\/257408"}],"wp:attachment":[{"href":"https:\/\/ugel04.gob.pe\/home\/wp-json\/wp\/v2\/media?parent=257407"}],"wp:term":[{"taxonomy":"category","embeddable":true,"href":"https:\/\/ugel04.gob.pe\/home\/wp-json\/wp\/v2\/categories?post=257407"},{"taxonomy":"post_tag","embeddable":true,"href":"https:\/\/ugel04.gob.pe\/home\/wp-json\/wp\/v2\/tags?post=257407"}],"curies":[{"name":"wp","href":"https:\/\/api.w.org\/{rel}","templated":true}]}}