{"id":257382,"date":"2024-09-18T16:31:57","date_gmt":"2024-09-18T21:31:57","guid":{"rendered":"https:\/\/ugel04.gob.pe\/home\/?p=257382"},"modified":"2024-09-18T16:32:05","modified_gmt":"2024-09-18T21:32:05","slug":"comunidad-prite-manuel-gonzales-prada-celebra-dia-de-promocion-del-programa-de-intervencion-temprana","status":"publish","type":"post","link":"https:\/\/ugel04.gob.pe\/home\/comunidad-prite-manuel-gonzales-prada-celebra-dia-de-promocion-del-programa-de-intervencion-temprana\/","title":{"rendered":"COMUNIDAD PRITE MANUEL GONZ\u00c1LES PRADA CELEBRA D\u00cdA DE PROMOCI\u00d3N DEL PROGRAMA DE INTERVENCI\u00d3N TEMPRANA"},"content":{"rendered":"<p>[et_pb_section fb_built=\u00bb1&#8243; theme_builder_area=\u00bbpost_content\u00bb _builder_version=\u00bb4.27.0&#8243; _module_preset=\u00bbdefault\u00bb da_is_popup=\u00bboff\u00bb da_exit_intent=\u00bboff\u00bb da_has_close=\u00bbon\u00bb da_alt_close=\u00bboff\u00bb da_dark_close=\u00bboff\u00bb da_not_modal=\u00bbon\u00bb da_is_singular=\u00bboff\u00bb da_with_loader=\u00bboff\u00bb da_has_shadow=\u00bbon\u00bb da_disable_devices=\u00bboff|off|off\u00bb][et_pb_row _builder_version=\u00bb4.27.0&#8243; _module_preset=\u00bbdefault\u00bb theme_builder_area=\u00bbpost_content\u00bb][et_pb_column _builder_version=\u00bb4.27.0&#8243; _module_preset=\u00bbdefault\u00bb type=\u00bb4_4&#8243; theme_builder_area=\u00bbpost_content\u00bb][et_pb_text _builder_version=\u00bb4.27.0&#8243; _module_preset=\u00bbdefault\u00bb theme_builder_area=\u00bbpost_content\u00bb hover_enabled=\u00bb0&#8243; sticky_enabled=\u00bb0&#8243;]<\/p>\n<p>Con gran alegr\u00eda y entusiasmo, la comunidad del PRITE Manuel Gonz\u00e1les Prada, ubicado en Comas, celebr\u00f3 el d\u00eda de la Promoci\u00f3n del Programa de Intervenci\u00f3n Temprana (PRITE) a nivel nacional, desarrollando una serie de actividades recreativas y art\u00edsticas, en las que participaron activamente estudiantes, padres, docentes y directivos de la instituci\u00f3n; as\u00ed como, la directora de la UGEL 04 Nelly Cunza.<\/p>\n<p>El evento, se centr\u00f3 en destacar el impacto positivo de los PRITE en el desarrollo de habilidades y el bienestar emocional de los ni\u00f1os, as\u00ed como, en fortalecer el compromiso de la sociedad en la creaci\u00f3n y sostenimiento de programas que beneficien a esta poblaci\u00f3n vulnerable, permitiendo adem\u00e1s, brindar atenci\u00f3n integral a ni\u00f1os con discapacidad o en riesgo de adquirirla<\/p>\n<p>Los asistentes disfrutaron de una variedad de juegos interactivos dise\u00f1ados para fortalecer la relaci\u00f3n entre padres e hijos, como \u00abPasando la liga\u00bb y \u00abRevienta globos\u00bb para los padres, y \u00abArmo mi torre\u00bb y \u00abTrasladando pelotas\u00bb para los ni\u00f1os, los cuales\u00a0 fomentaron la diversi\u00f3n y contribuyendo al desarrollo de habilidades motrices y sociales en los peque\u00f1os.<\/p>\n<p>El evento tambi\u00e9n incluy\u00f3 presentaciones art\u00edsticas a cargo de maestras y la directora del PRITE, quienes animaron a los presentes con bailes y espect\u00e1culos, creando un ambiente festivo y acogedor.<\/p>\n<p>La directora de UGEL 04, Nelly Cunza, destac\u00f3 la relevancia del programa, afirmando: \u201cEs fundamental que nuestros ni\u00f1os se desarrollen como adultos capaces de servir a su patria. Estamos comprometidos a sumar esfuerzos y a crear m\u00e1s PRITE en el futuro\u201d. Asimismo, la especialista en educaci\u00f3n Margot Gonz\u00e1lez, enfatiz\u00f3 la relevancia de estos programas en la formaci\u00f3n de un futuro m\u00e1s inclusivo para todos.<\/p>\n<p>Por su parte, Judith Huam\u00e1n Donayre, directora del PRITE Manuel Gonz\u00e1les Prada, expres\u00f3 su emoci\u00f3n por la celebraci\u00f3n, \u201cvamos a celebrar como una familia unida y comprometida. Estoy llena de alegr\u00eda por el cari\u00f1o que recibimos de nuestros beb\u00e9s\u201d.<\/p>\n<p>Como se sabe, el 15 de septiembre fue declarado oficialmente como el \u201cD\u00eda de la Promoci\u00f3n del Programa de Intervenci\u00f3n Temprana &#8211; PRITE\u201d mediante la RM N\u00b0455-2024-MINEDU, subrayando la importancia de estos programas en el desarrollo integral de los ni\u00f1os m\u00e1s vulnerables.<\/p>\n<p>&nbsp;<\/p>\n<p>[\/et_pb_text][\/et_pb_column][\/et_pb_row][\/et_pb_section]<\/p>\n","protected":false},"excerpt":{"rendered":"<p>Con gran alegr\u00eda y entusiasmo, la comunidad del PRITE Manuel Gonz\u00e1les Prada, ubicado en Comas, celebr\u00f3 el d\u00eda de la Promoci\u00f3n del Programa de Intervenci\u00f3n Temprana (PRITE) a nivel nacional, [&hellip;]<\/p>\n","protected":false},"author":1,"featured_media":257383,"comment_status":"open","ping_status":"open","sticky":false,"template":"","format":"standard","meta":{"_et_pb_use_builder":"on","_et_pb_old_content":"","_et_gb_content_width":"1080","footnotes":""},"categories":[10],"tags":[],"class_list":["post-257382","post","type-post","status-publish","format-standard","has-post-thumbnail","hentry","category-noticias"],"_links":{"self":[{"href":"https:\/\/ugel04.gob.pe\/home\/wp-json\/wp\/v2\/posts\/257382","targetHints":{"allow":["GET"]}}],"collection":[{"href":"https:\/\/ugel04.gob.pe\/home\/wp-json\/wp\/v2\/posts"}],"about":[{"href":"https:\/\/ugel04.gob.pe\/home\/wp-json\/wp\/v2\/types\/post"}],"author":[{"embeddable":true,"href":"https:\/\/ugel04.gob.pe\/home\/wp-json\/wp\/v2\/users\/1"}],"replies":[{"embeddable":true,"href":"https:\/\/ugel04.gob.pe\/home\/wp-json\/wp\/v2\/comments?post=257382"}],"version-history":[{"count":2,"href":"https:\/\/ugel04.gob.pe\/home\/wp-json\/wp\/v2\/posts\/257382\/revisions"}],"predecessor-version":[{"id":257385,"href":"https:\/\/ugel04.gob.pe\/home\/wp-json\/wp\/v2\/posts\/257382\/revisions\/257385"}],"wp:featuredmedia":[{"embeddable":true,"href":"https:\/\/ugel04.gob.pe\/home\/wp-json\/wp\/v2\/media\/257383"}],"wp:attachment":[{"href":"https:\/\/ugel04.gob.pe\/home\/wp-json\/wp\/v2\/media?parent=257382"}],"wp:term":[{"taxonomy":"category","embeddable":true,"href":"https:\/\/ugel04.gob.pe\/home\/wp-json\/wp\/v2\/categories?post=257382"},{"taxonomy":"post_tag","embeddable":true,"href":"https:\/\/ugel04.gob.pe\/home\/wp-json\/wp\/v2\/tags?post=257382"}],"curies":[{"name":"wp","href":"https:\/\/api.w.org\/{rel}","templated":true}]}}