{"id":257378,"date":"2024-09-18T10:14:38","date_gmt":"2024-09-18T15:14:38","guid":{"rendered":"https:\/\/ugel04.gob.pe\/home\/?p=257378"},"modified":"2024-09-18T10:14:47","modified_gmt":"2024-09-18T15:14:47","slug":"seleccionada-sub-17-alexa-vega-centeno-recibe-merecido-reconocimiento-de-ugel-04","status":"publish","type":"post","link":"https:\/\/ugel04.gob.pe\/home\/seleccionada-sub-17-alexa-vega-centeno-recibe-merecido-reconocimiento-de-ugel-04\/","title":{"rendered":"SELECCIONADA SUB 17, ALEXA VEGA CENTENO RECIBE MERECIDO RECONOCIMIENTO DE UGEL 04"},"content":{"rendered":"<p>[et_pb_section fb_built=\u00bb1&#8243; theme_builder_area=\u00bbpost_content\u00bb _builder_version=\u00bb4.27.0&#8243; _module_preset=\u00bbdefault\u00bb da_is_popup=\u00bboff\u00bb da_exit_intent=\u00bboff\u00bb da_has_close=\u00bbon\u00bb da_alt_close=\u00bboff\u00bb da_dark_close=\u00bboff\u00bb da_not_modal=\u00bbon\u00bb da_is_singular=\u00bboff\u00bb da_with_loader=\u00bboff\u00bb da_has_shadow=\u00bbon\u00bb da_disable_devices=\u00bboff|off|off\u00bb][et_pb_row _builder_version=\u00bb4.27.0&#8243; _module_preset=\u00bbdefault\u00bb theme_builder_area=\u00bbpost_content\u00bb][et_pb_column _builder_version=\u00bb4.27.0&#8243; _module_preset=\u00bbdefault\u00bb type=\u00bb4_4&#8243; theme_builder_area=\u00bbpost_content\u00bb][et_pb_text _builder_version=\u00bb4.27.0&#8243; _module_preset=\u00bbdefault\u00bb theme_builder_area=\u00bbpost_content\u00bb hover_enabled=\u00bb0&#8243; sticky_enabled=\u00bb0&#8243;]<\/p>\n<p>La destacada participaci\u00f3n de Alexa Vega Centeno Osorio (15), estudiante de la IEP Miguel de Cervantes de Puente Piedra, en la selecci\u00f3n peruana que disput\u00f3 el Campeonato Mundial de Voleibol Femenino Sub 17, celebrado en Lima, recibi\u00f3 el justo reconocimiento de la UGEL 04, que de manos de la directora Nelly Cunza, le hizo entrega de un diploma de honor y una pelota con mensajes de gratitud de parte de los funcionarios de nuestra entidad.<\/p>\n<p>La premiaci\u00f3n a Alexa, quien juega como armadora en la selecci\u00f3n nacional, se desarroll\u00f3 ante un marco de gran j\u00fabilo de parte sus compa\u00f1eros, docentes y directivos constituidos en el patio del plantel de la IEP Miguel de Cervantes, en la cual, la titular de la UGEL 04, destac\u00f3 el sentir de la colectividad de Lima norte ante los logros que viene obteniendo la joven voleibolista.<\/p>\n<p>\u201cHemos venido a expresarte nuestro cari\u00f1o, respeto y admiraci\u00f3n, porque tu nombre ya est\u00e1 registrado en la historia del pa\u00eds, dejando en alto el nombre de nuestra jurisdicci\u00f3n, principalmente de Puente Piedra. Eres nuestro orgullo y el ejemplo para miles de j\u00f3venes que ven en ti, alguien a quien imitar\u201d, se\u00f1al\u00f3.<\/p>\n<p>Asimismo, Nelly Cunza resalt\u00f3 el gran esfuerzo desplegado por Vega Centeno para alcanzar sus objetivos, el cual denota responsabilidad y sacrificio, \u201csabemos que lo que vienes consiguiendo es fruto de tu esfuerzo, disciplina y perseverancia, no solo en el \u00e1mbito deportivo, sino tambi\u00e9n en la parte acad\u00e9mica. Ante ello, como directora de la UGEL 04, te auguro m\u00e1s \u00e9xitos, y a su vez, invoco a las escuelas a que contribuyan a forjar m\u00e1s campeonas como Alexa, para lograr el desarrollo del Per\u00fa\u201d, concluy\u00f3.<\/p>\n<p>El reconocimiento y felicitaci\u00f3n de parte de la directora de la UGEL 04, quien estuvo acompa\u00f1ada del jefe encargado de AGEBRE Javier Sol\u00eds, fue recibido con mucha emoci\u00f3n por la comunidad educativa presente, especialmente por el director del plantel Dar\u00edo Vega, quien agradeci\u00f3 el gesto y se comprometi\u00f3 en seguir brindando una educaci\u00f3n integral a sus estudiantes, tanto en el \u00e1mbito acad\u00e9mico como en el deportivo.<\/p>\n<p>Alexa Vega Centeno Osorio, quien actualmente cursa el cuarto a\u00f1o de educaci\u00f3n secundaria en la IEP Miguel de Cervantes de Puente Piedra, fue parte importante del equipo peruano que compiti\u00f3 en el mundial Sub-17, bajo la direcci\u00f3n t\u00e9cnica de Antonio Rizola, logrando un destacado sexto lugar en el campeonato; asimismo, form\u00f3 parte de la delegaci\u00f3n peruana de voleibol sub 19, dirigido por el profesor Mart\u00edn Escudero, que particip\u00f3 en el Sudamericano de la categor\u00eda disputado en Brasil, la cual clasific\u00f3 al Mundial 2025.<\/p>\n<p>[\/et_pb_text][\/et_pb_column][\/et_pb_row][\/et_pb_section]<\/p>\n","protected":false},"excerpt":{"rendered":"<p>La destacada participaci\u00f3n de Alexa Vega Centeno Osorio (15), estudiante de la IEP Miguel de Cervantes de Puente Piedra, en la selecci\u00f3n peruana que disput\u00f3 el Campeonato Mundial de Voleibol [&hellip;]<\/p>\n","protected":false},"author":1,"featured_media":257379,"comment_status":"open","ping_status":"open","sticky":false,"template":"","format":"standard","meta":{"_et_pb_use_builder":"on","_et_pb_old_content":"","_et_gb_content_width":"1080","footnotes":""},"categories":[10],"tags":[],"class_list":["post-257378","post","type-post","status-publish","format-standard","has-post-thumbnail","hentry","category-noticias"],"_links":{"self":[{"href":"https:\/\/ugel04.gob.pe\/home\/wp-json\/wp\/v2\/posts\/257378","targetHints":{"allow":["GET"]}}],"collection":[{"href":"https:\/\/ugel04.gob.pe\/home\/wp-json\/wp\/v2\/posts"}],"about":[{"href":"https:\/\/ugel04.gob.pe\/home\/wp-json\/wp\/v2\/types\/post"}],"author":[{"embeddable":true,"href":"https:\/\/ugel04.gob.pe\/home\/wp-json\/wp\/v2\/users\/1"}],"replies":[{"embeddable":true,"href":"https:\/\/ugel04.gob.pe\/home\/wp-json\/wp\/v2\/comments?post=257378"}],"version-history":[{"count":2,"href":"https:\/\/ugel04.gob.pe\/home\/wp-json\/wp\/v2\/posts\/257378\/revisions"}],"predecessor-version":[{"id":257381,"href":"https:\/\/ugel04.gob.pe\/home\/wp-json\/wp\/v2\/posts\/257378\/revisions\/257381"}],"wp:featuredmedia":[{"embeddable":true,"href":"https:\/\/ugel04.gob.pe\/home\/wp-json\/wp\/v2\/media\/257379"}],"wp:attachment":[{"href":"https:\/\/ugel04.gob.pe\/home\/wp-json\/wp\/v2\/media?parent=257378"}],"wp:term":[{"taxonomy":"category","embeddable":true,"href":"https:\/\/ugel04.gob.pe\/home\/wp-json\/wp\/v2\/categories?post=257378"},{"taxonomy":"post_tag","embeddable":true,"href":"https:\/\/ugel04.gob.pe\/home\/wp-json\/wp\/v2\/tags?post=257378"}],"curies":[{"name":"wp","href":"https:\/\/api.w.org\/{rel}","templated":true}]}}