{"id":257362,"date":"2024-09-17T13:08:53","date_gmt":"2024-09-17T18:08:53","guid":{"rendered":"https:\/\/ugel04.gob.pe\/home\/?p=257362"},"modified":"2024-09-17T13:09:02","modified_gmt":"2024-09-17T18:09:02","slug":"se-inicia-campana-de-vacunacion-contra-el-sarampion-en-ie-lo-vacuno-lo-protejo","status":"publish","type":"post","link":"https:\/\/ugel04.gob.pe\/home\/se-inicia-campana-de-vacunacion-contra-el-sarampion-en-ie-lo-vacuno-lo-protejo\/","title":{"rendered":"SE INICIA CAMPA\u00d1A DE VACUNACI\u00d3N CONTRA EL SARAMPI\u00d3N EN IE: \u00abLO VACUNO, LO PROTEJO\u201d"},"content":{"rendered":"<p>[et_pb_section fb_built=\u00bb1&#8243; theme_builder_area=\u00bbpost_content\u00bb _builder_version=\u00bb4.27.0&#8243; _module_preset=\u00bbdefault\u00bb da_is_popup=\u00bboff\u00bb da_exit_intent=\u00bboff\u00bb da_has_close=\u00bbon\u00bb da_alt_close=\u00bboff\u00bb da_dark_close=\u00bboff\u00bb da_not_modal=\u00bbon\u00bb da_is_singular=\u00bboff\u00bb da_with_loader=\u00bboff\u00bb da_has_shadow=\u00bbon\u00bb da_disable_devices=\u00bboff|off|off\u00bb][et_pb_row _builder_version=\u00bb4.27.0&#8243; _module_preset=\u00bbdefault\u00bb theme_builder_area=\u00bbpost_content\u00bb][et_pb_column _builder_version=\u00bb4.27.0&#8243; _module_preset=\u00bbdefault\u00bb type=\u00bb4_4&#8243; theme_builder_area=\u00bbpost_content\u00bb][et_pb_text _builder_version=\u00bb4.27.0&#8243; _module_preset=\u00bbdefault\u00bb theme_builder_area=\u00bbpost_content\u00bb hover_enabled=\u00bb0&#8243; sticky_enabled=\u00bb0&#8243;]<\/p>\n<p>Con un colorido y vibrante pasacalle destinado a sensibilizar a la colectividad sobre la importancia de vacunar a los ni\u00f1os menores de 6 a\u00f1os, docentes, estudiantes y padres de familia del nivel inicial de la I.E. 607 de Puente Piedra, dieron inicio a la campa\u00f1a \u00abBarrido Nacional de Vacunaci\u00f3n contra el Sarampi\u00f3n: Lo Vacuno, Lo Protejo\u201d.<\/p>\n<p>El pasacalle que recorri\u00f3 las v\u00edas cercanas de la IE, fue encabezado por la directora Luz Macahuachi y cont\u00f3 con la participaci\u00f3n de representantes de la Direcci\u00f3n de Redes Integradas de Salud (DIRIS) Lima Norte, de la municipalidad de Puente Piedra, y del jefe de AGEBATP Roberto Zevallos, en representaci\u00f3n de la directora de la UGEL 04, Nelly Cunza.<\/p>\n<p>Durante el inicio de la campa\u00f1a, los estudiantes de la IEI. 607 fueron vacunados en compa\u00f1\u00eda de sus padres, quienes se sumaron activamente a esta importante iniciativa.<\/p>\n<p>Cabe destacar que, los profesionales de la salud no solo se encargaron de administrar las vacunas a los peque\u00f1os, sino tambi\u00e9n de ofrecer charlas informativas a los padres, destacando la importancia de la vacunaci\u00f3n y las posibles consecuencias de no proteger a sus hijos contra el sarampi\u00f3n.<\/p>\n<p>Este acto simb\u00f3lico marca el comienzo de una campa\u00f1a que busca proteger a m\u00e1s de 2.8 millones de ni\u00f1os y ni\u00f1as de 1 y 6 a\u00f1os en todo el pa\u00eds, mediante visitas a las viviendas y en los centros de salud, con la finalidad de asegurar que todos los peque\u00f1os reciban la inmunizaci\u00f3n necesaria contra el sarampi\u00f3n, una enfermedad prevenible que a\u00fan representa un riesgo para la salud infantil.<\/p>\n<p>Se invita a las familias a acudir a los puntos de vacunaci\u00f3n o recibir a las brigadas en sus hogares para proteger a sus hijos y contribuir a una ni\u00f1ez libre de sarampi\u00f3n.<\/p>\n<p>[\/et_pb_text][\/et_pb_column][\/et_pb_row][\/et_pb_section]<\/p>\n","protected":false},"excerpt":{"rendered":"<p>Con un colorido y vibrante pasacalle destinado a sensibilizar a la colectividad sobre la importancia de vacunar a los ni\u00f1os menores de 6 a\u00f1os, docentes, estudiantes y padres de familia [&hellip;]<\/p>\n","protected":false},"author":1,"featured_media":257363,"comment_status":"open","ping_status":"open","sticky":false,"template":"","format":"standard","meta":{"_et_pb_use_builder":"on","_et_pb_old_content":"","_et_gb_content_width":"1080","footnotes":""},"categories":[10],"tags":[],"class_list":["post-257362","post","type-post","status-publish","format-standard","has-post-thumbnail","hentry","category-noticias"],"_links":{"self":[{"href":"https:\/\/ugel04.gob.pe\/home\/wp-json\/wp\/v2\/posts\/257362","targetHints":{"allow":["GET"]}}],"collection":[{"href":"https:\/\/ugel04.gob.pe\/home\/wp-json\/wp\/v2\/posts"}],"about":[{"href":"https:\/\/ugel04.gob.pe\/home\/wp-json\/wp\/v2\/types\/post"}],"author":[{"embeddable":true,"href":"https:\/\/ugel04.gob.pe\/home\/wp-json\/wp\/v2\/users\/1"}],"replies":[{"embeddable":true,"href":"https:\/\/ugel04.gob.pe\/home\/wp-json\/wp\/v2\/comments?post=257362"}],"version-history":[{"count":2,"href":"https:\/\/ugel04.gob.pe\/home\/wp-json\/wp\/v2\/posts\/257362\/revisions"}],"predecessor-version":[{"id":257365,"href":"https:\/\/ugel04.gob.pe\/home\/wp-json\/wp\/v2\/posts\/257362\/revisions\/257365"}],"wp:featuredmedia":[{"embeddable":true,"href":"https:\/\/ugel04.gob.pe\/home\/wp-json\/wp\/v2\/media\/257363"}],"wp:attachment":[{"href":"https:\/\/ugel04.gob.pe\/home\/wp-json\/wp\/v2\/media?parent=257362"}],"wp:term":[{"taxonomy":"category","embeddable":true,"href":"https:\/\/ugel04.gob.pe\/home\/wp-json\/wp\/v2\/categories?post=257362"},{"taxonomy":"post_tag","embeddable":true,"href":"https:\/\/ugel04.gob.pe\/home\/wp-json\/wp\/v2\/tags?post=257362"}],"curies":[{"name":"wp","href":"https:\/\/api.w.org\/{rel}","templated":true}]}}