{"id":257338,"date":"2024-09-13T13:20:57","date_gmt":"2024-09-13T18:20:57","guid":{"rendered":"https:\/\/ugel04.gob.pe\/home\/?p=257338"},"modified":"2024-09-13T13:21:46","modified_gmt":"2024-09-13T18:21:46","slug":"lideres-estudiantiles-presentan-resultados-de-mi-voz-importa-2024","status":"publish","type":"post","link":"https:\/\/ugel04.gob.pe\/home\/lideres-estudiantiles-presentan-resultados-de-mi-voz-importa-2024\/","title":{"rendered":"L\u00cdDERES ESTUDIANTILES PRESENTAN RESULTADOS DE \u201cMI VOZ IMPORTA\u201d 2024"},"content":{"rendered":"<p>[et_pb_section fb_built=\u00bb1&#8243; theme_builder_area=\u00bbpost_content\u00bb _builder_version=\u00bb4.27.0&#8243; _module_preset=\u00bbdefault\u00bb da_is_popup=\u00bboff\u00bb da_exit_intent=\u00bboff\u00bb da_has_close=\u00bbon\u00bb da_alt_close=\u00bboff\u00bb da_dark_close=\u00bboff\u00bb da_not_modal=\u00bbon\u00bb da_is_singular=\u00bboff\u00bb da_with_loader=\u00bboff\u00bb da_has_shadow=\u00bbon\u00bb da_disable_devices=\u00bboff|off|off\u00bb][et_pb_row _builder_version=\u00bb4.27.0&#8243; _module_preset=\u00bbdefault\u00bb theme_builder_area=\u00bbpost_content\u00bb][et_pb_column _builder_version=\u00bb4.27.0&#8243; _module_preset=\u00bbdefault\u00bb type=\u00bb4_4&#8243; theme_builder_area=\u00bbpost_content\u00bb][et_pb_text _builder_version=\u00bb4.27.0&#8243; _module_preset=\u00bbdefault\u00bb theme_builder_area=\u00bbpost_content\u00bb hover_enabled=\u00bb0&#8243; sticky_enabled=\u00bb0&#8243;]<\/p>\n<p>L\u00edderes estudiantiles perteneciente al Consejo Consultivo de Ni\u00f1as, Ni\u00f1os y Adolescentes (CCONNA) de Carabayllo sostuvieron una importante reuni\u00f3n informativa con la directora de la UGEL 04, Nelly Cunza y representantes de entidades aliadas por la educaci\u00f3n, en la que dieron a conocer los resultados obtenidos en la quinta edici\u00f3n de la encuesta escolar \u201cMi Voz Importa\u201d.<\/p>\n<p>Durante la cita realizada en la sede de nuestra entidad, las adolescentes Nathalia, Ivannia, Mafer, Marisol y Estrella, integrantes del CCONNA, detallaron los alcances de la encuesta, que recogi\u00f3 el sentir de 30343 estudiantes de EBR de Lima Norte, vinculadas a sus necesidades y sus proposiciones para mejorar las condiciones educativas.<\/p>\n<p>En este sentido, dentro de las variadas respuestas emitidas, resaltaron el pedido mayoritario de los alumnos en cuanto a la urgencia de programar mayores talleres de deporte, arte y cultura; as\u00ed como, la realizaci\u00f3n frecuente de charlas psicol\u00f3gica de especialistas, a fin de fortalecer y en algunos casos, mejorar la salud mental en las escuelas.<\/p>\n<p>Tras la exposici\u00f3n de las j\u00f3venes, los representantes de Unicef &#8211; Lima Norte, Municipalidad de Carabayllo, ONG Warmi Wasi y la directora de la UGEL 04, quien estuvo acompa\u00f1ada de la especialista de AGEBRE, Consuelo Pardo, plantearon sus propuestas para atender, paliar y mejorar las necesidades esbozadas por los escolares en la encuesta \u201cMi Voz Importa\u201d.<\/p>\n<p>Al respecto, Nelly Cunza sostuvo que estas exigencias escolares se incorporar\u00e1n en la planificaci\u00f3n pedag\u00f3gica de la UGEL 04, a fin de desarrollar actividades proactivas y operativas, que permitan atender en territorio a la comunidad educativa.<\/p>\n<p>\u201cEn primer lugar felicito a los l\u00edderes estudiantiles y al CCONNA por sus ganas de cambiar el mundo. Recuerden que ustedes son los precursores de la estrategia \u201cMi Voz Importa\u201d, el cual hoy va en camino a desarrollarse a nivel nacional. Eso nos llena de orgullo. Tengan por seguro que luego de este diagn\u00f3stico, vamos a implementar m\u00faltiples actividades educativas en las escuelas para ir generando las mejoras que nuestros escolares reclaman\u201d, se\u00f1al\u00f3.<\/p>\n<p>A su turno, los representantes de las instituciones presentes manifestaron su disposici\u00f3n a atender de manera priorizada los pedidos de los estudiantes, conforme a sus atribuciones y para ello, coordinar\u00e1n permanentemente sus acciones con nuestro sector.<\/p>\n<p><strong>Mi voz importa<\/strong><\/p>\n<p>&#8216;Mi voz importa&#8217;, es una estrategia promovida por UNICEF, que naci\u00f3 como propuesta de los integrantes de CCONNA Carabayllo (a\u00f1o 2020), el cual busca crear espacios de escucha a las y los adolescentes, en materias de \u00edndole social y educativo.<\/p>\n<p>En el a\u00f1o 2024, se realiz\u00f3 la quinta encuesta para recoger el sentir, las percepciones, necesidades y propuestas de los escolares, en el cual participaron 30343 estudiantes de los colegios p\u00fablicos de Lima Norte, pertenecientes a la UGEL 02 (40%) y la UGEL 04 (60%); dichos resultados, tras presentarse a las instituciones comprometidas con la educaci\u00f3n, ser\u00e1n socializadas a las escuelas en breve a trav\u00e9s de los municipios escolares.<\/p>\n<p>[\/et_pb_text][\/et_pb_column][\/et_pb_row][\/et_pb_section]<\/p>\n","protected":false},"excerpt":{"rendered":"<p>L\u00edderes estudiantiles perteneciente al Consejo Consultivo de Ni\u00f1as, Ni\u00f1os y Adolescentes (CCONNA) de Carabayllo sostuvieron una importante reuni\u00f3n informativa con la directora de la UGEL 04, Nelly Cunza y representantes [&hellip;]<\/p>\n","protected":false},"author":1,"featured_media":257339,"comment_status":"open","ping_status":"open","sticky":false,"template":"","format":"standard","meta":{"_et_pb_use_builder":"on","_et_pb_old_content":"","_et_gb_content_width":"1080","footnotes":""},"categories":[10],"tags":[],"class_list":["post-257338","post","type-post","status-publish","format-standard","has-post-thumbnail","hentry","category-noticias"],"_links":{"self":[{"href":"https:\/\/ugel04.gob.pe\/home\/wp-json\/wp\/v2\/posts\/257338","targetHints":{"allow":["GET"]}}],"collection":[{"href":"https:\/\/ugel04.gob.pe\/home\/wp-json\/wp\/v2\/posts"}],"about":[{"href":"https:\/\/ugel04.gob.pe\/home\/wp-json\/wp\/v2\/types\/post"}],"author":[{"embeddable":true,"href":"https:\/\/ugel04.gob.pe\/home\/wp-json\/wp\/v2\/users\/1"}],"replies":[{"embeddable":true,"href":"https:\/\/ugel04.gob.pe\/home\/wp-json\/wp\/v2\/comments?post=257338"}],"version-history":[{"count":2,"href":"https:\/\/ugel04.gob.pe\/home\/wp-json\/wp\/v2\/posts\/257338\/revisions"}],"predecessor-version":[{"id":257341,"href":"https:\/\/ugel04.gob.pe\/home\/wp-json\/wp\/v2\/posts\/257338\/revisions\/257341"}],"wp:featuredmedia":[{"embeddable":true,"href":"https:\/\/ugel04.gob.pe\/home\/wp-json\/wp\/v2\/media\/257339"}],"wp:attachment":[{"href":"https:\/\/ugel04.gob.pe\/home\/wp-json\/wp\/v2\/media?parent=257338"}],"wp:term":[{"taxonomy":"category","embeddable":true,"href":"https:\/\/ugel04.gob.pe\/home\/wp-json\/wp\/v2\/categories?post=257338"},{"taxonomy":"post_tag","embeddable":true,"href":"https:\/\/ugel04.gob.pe\/home\/wp-json\/wp\/v2\/tags?post=257338"}],"curies":[{"name":"wp","href":"https:\/\/api.w.org\/{rel}","templated":true}]}}